{"id":50771,"date":"2025-02-20T16:21:10","date_gmt":"2025-02-20T22:21:10","guid":{"rendered":"https:\/\/noticiasveracruz.com\/?p=50771"},"modified":"2025-02-20T16:21:10","modified_gmt":"2025-02-20T22:21:10","slug":"corte-de-agua-en-tuxpan-del-26-al-28-de-este-mes-por-mantenimiento","status":"publish","type":"post","link":"https:\/\/noticiasveracruz.com\/index.php\/2025\/02\/20\/corte-de-agua-en-tuxpan-del-26-al-28-de-este-mes-por-mantenimiento\/","title":{"rendered":"Corte de agua en Tuxpan del 26 al 28 de este mes por mantenimiento"},"content":{"rendered":"<p><strong>Usuarios deber\u00e1n tomar previsiones ante corte de agua programado<\/strong><\/p>\n<p><strong>\u00a0<\/strong><strong>Tuxpan, Ver., jueves 20 de febrero de 2025.- <\/strong>La Comisi\u00f3n del Agua del Estado de Veracruz (CAEV) informa a la ciudadan\u00eda que, debido a trabajos de interconexi\u00f3n en la localidad El Ojite, el suministro de agua en el municipio de Tuxpan ser\u00e1 suspendido los d\u00edas mi\u00e9rcoles 26, jueves 27 y viernes 28 del mes en curso.<\/p>\n<p>Estas labores, supervisadas por la Oficina Operadora de CAEV-Tuxpan, permitir\u00e1n la salida de la nueva l\u00ednea de conducci\u00f3n hacia la planta potabilizadora, lo que contribuir\u00e1 a mejorar la eficiencia y calidad del servicio.<\/p>\n<p>Ante esta situaci\u00f3n, se recomienda a la poblaci\u00f3n tomar previsiones, almacenando y haciendo un uso responsable del agua antes del corte programado.<\/p>\n<p>La CAEV mantendr\u00e1 informada a la ciudadan\u00eda sobre el avance de los trabajos y el restablecimiento del suministro, por lo que agradece la comprensi\u00f3n y colaboraci\u00f3n de los usuarios ante estas acciones que beneficiar\u00e1n a la comunidad.<\/p>\n<p><img loading=\"lazy\" decoding=\"async\" class=\"alignnone size-medium wp-image-50772\" src=\"http:\/\/noticiasveracruz.com\/wp-content\/uploads\/2025\/02\/WhatsApp-Image-2025-02-20-at-12.50.12-225x300.jpeg\" alt=\"\" width=\"225\" height=\"300\" srcset=\"https:\/\/noticiasveracruz.com\/wp-content\/uploads\/2025\/02\/WhatsApp-Image-2025-02-20-at-12.50.12-225x300.jpeg 225w, https:\/\/noticiasveracruz.com\/wp-content\/uploads\/2025\/02\/WhatsApp-Image-2025-02-20-at-12.50.12-768x1024.jpeg 768w, https:\/\/noticiasveracruz.com\/wp-content\/uploads\/2025\/02\/WhatsApp-Image-2025-02-20-at-12.50.12.jpeg 960w\" sizes=\"auto, (max-width: 225px) 100vw, 225px\" \/><\/p>\n","protected":false},"excerpt":{"rendered":"<p>Usuarios deber\u00e1n tomar previsiones ante corte de agua programado \u00a0Tuxpan, Ver., jueves 20 de febrero de 2025.- La Comisi\u00f3n del<\/p>\n","protected":false},"author":4,"featured_media":50773,"comment_status":"closed","ping_status":"closed","sticky":false,"template":"","format":"standard","meta":{"colormag_page_container_layout":"default_layout","colormag_page_sidebar_layout":"default_layout","_jetpack_memberships_contains_paid_content":false,"footnotes":"","jetpack_publicize_message":"","jetpack_publicize_feature_enabled":true,"jetpack_social_post_already_shared":true,"jetpack_social_options":{"image_generator_settings":{"template":"highway","default_image_id":0,"font":"","enabled":false},"version":2}},"categories":[3372,356],"tags":[],"class_list":["post-50771","post","type-post","status-publish","format-standard","has-post-thumbnail","hentry","category-gobierno-tuxpan","category-veracruz"],"jetpack_publicize_connections":[],"jetpack_featured_media_url":"https:\/\/noticiasveracruz.com\/wp-content\/uploads\/2025\/02\/WhatsApp-Image-2025-02-20-at-12.50.12-1.jpeg","jetpack_sharing_enabled":true,"publishpress_future_action":{"enabled":false,"date":"2026-05-08 05:02:44","action":"change-status","newStatus":"draft","terms":[],"taxonomy":"category","extraData":[]},"publishpress_future_workflow_manual_trigger":{"enabledWorkflows":[]},"_links":{"self":[{"href":"https:\/\/noticiasveracruz.com\/index.php\/wp-json\/wp\/v2\/posts\/50771","targetHints":{"allow":["GET"]}}],"collection":[{"href":"https:\/\/noticiasveracruz.com\/index.php\/wp-json\/wp\/v2\/posts"}],"about":[{"href":"https:\/\/noticiasveracruz.com\/index.php\/wp-json\/wp\/v2\/types\/post"}],"author":[{"embeddable":true,"href":"https:\/\/noticiasveracruz.com\/index.php\/wp-json\/wp\/v2\/users\/4"}],"replies":[{"embeddable":true,"href":"https:\/\/noticiasveracruz.com\/index.php\/wp-json\/wp\/v2\/comments?post=50771"}],"version-history":[{"count":0,"href":"https:\/\/noticiasveracruz.com\/index.php\/wp-json\/wp\/v2\/posts\/50771\/revisions"}],"wp:featuredmedia":[{"embeddable":true,"href":"https:\/\/noticiasveracruz.com\/index.php\/wp-json\/wp\/v2\/media\/50773"}],"wp:attachment":[{"href":"https:\/\/noticiasveracruz.com\/index.php\/wp-json\/wp\/v2\/media?parent=50771"}],"wp:term":[{"taxonomy":"category","embeddable":true,"href":"https:\/\/noticiasveracruz.com\/index.php\/wp-json\/wp\/v2\/categories?post=50771"},{"taxonomy":"post_tag","embeddable":true,"href":"https:\/\/noticiasveracruz.com\/index.php\/wp-json\/wp\/v2\/tags?post=50771"}],"curies":[{"name":"wp","href":"https:\/\/api.w.org\/{rel}","templated":true}]}}