{"id":50769,"date":"2025-02-19T22:08:55","date_gmt":"2025-02-20T04:08:55","guid":{"rendered":"https:\/\/noticiasveracruz.com\/?p=50769"},"modified":"2025-02-19T22:08:55","modified_gmt":"2025-02-20T04:08:55","slug":"politica-de-faldas-en-veracruz","status":"publish","type":"post","link":"https:\/\/noticiasveracruz.com\/index.php\/2025\/02\/19\/politica-de-faldas-en-veracruz\/","title":{"rendered":"Pol\u00edtica de faldas en Veracruz"},"content":{"rendered":"<p>El norte de Veracruz contin\u00faa trabajando hacia el desarrollo y no s\u00f3lo por la proximidad con Estados Unidos en el espacio, sino porque el litoral de esta parte del estado est\u00e1 abierto al mundo. Si se trabaja desde adentro, con el esfuerzo de autoridades y gobierno no ser\u00e1 importante tener una buena relaci\u00f3n comercial con Trump porque el mundo entero est\u00e1 cada vez m\u00e1s cerca.<br \/>\nLa proximidad en el tiempo de las elecciones municipales coloca a la mujer como el motor de este desarrollo en la regi\u00f3n norte de Veracruz, y en el resto de la entidad. En d\u00edas recientes se mostr\u00f3 el crecimiento que se producir\u00e1 en Poza Rica, luego de la visita de la Presidenta, Claudia Sheinbaum, acompa\u00f1ada por la gobernadora Roc\u00edo Nahle, es ah\u00ed donde una de las madres buscadoras de la regi\u00f3n, Nohem\u00ed Mart\u00ednez Martag\u00f3n, cuyo hijo desapreci\u00f3 el 18 de septiembre de 2010, en su incansable tarea de buscar quiso encontrar un camino paralelo que, sin abandonar su digna obsesi\u00f3n, busca la presidencia municipal de Poza Rica por el Partido del Trabajo.<br \/>\nNohem\u00ed Mart\u00ednez Martag\u00f3n, es madre de Luis Alberto Calleja Mart\u00ednez, de 25 a\u00f1os, desaparecido en Poza Rica, Veracruz, en el sexenio genocida de Felipe Calder\u00f3n y la gubernatura de Fidel Herrera, uno de los m\u00e1s corruptos gobernadores que haya tenido Veracruz.<br \/>\nEsta tarea de las madres las ha llevado a la muerte violenta en muchos casos, recientemente fue asesinada en Zacatecas, Sof\u00eda Raygoza Ceballos, quien hace dos a\u00f1os report\u00f3 la desaparici\u00f3n de su hija, Frida Sof\u00eda.<br \/>\nLa madre buscadora Sof\u00eda Raygoza denunci\u00f3 en febrero de 2023 la desaparici\u00f3n de su hija Frida Sof\u00eda Murillo Raygoza, y encar\u00f3 durante un evento p\u00fablico al alcalde morenista de Jerez, Humberto Salazar, para exigir resultados en la b\u00fasqueda de la joven.<br \/>\nEn el proceso de las elecciones del pr\u00f3ximo 1 de junio, se proyecta como regidora una luchadora social, que ha contribuido de manera indiscutible en la transparencia administrativa y el desarrollo de la comunidad Janet G\u00f3mez Gonz\u00e1lez, cuya labora fuera esencial en el actual ayuntamiento por su relaci\u00f3n estrecha con los medios de comunicaci\u00f3n.<br \/>\nOtra de las mujeres que en el norte de Veracruz han demostrado que sin duda trabajar\u00e1n por la comunidad es la Dra. Rossy Maranto, quien compite por la candidatura de Morena a la presidencia municipal de Tuxpan y se\u00f1ala que busca construir un espacio pr\u00f3spero, m\u00e1s seguir y sostenible, donde la calidad vida de sus habitantes sea prioridad.<br \/>\nCon la consigna de m\u00e1s sociedad y menos gobierno, la llegada de una mujer a la alcald\u00eda de ese puerto refrescar\u00eda un lugar reservado a los hombres. Es tiempo de mujeres y de mujeres valientes y con un proyecto propio que ajustar\u00edan a las necesidades del momento permanentemente, de acuerdo a las necesidades y las voces de la poblaci\u00f3n.<br \/>\nAs\u00ed, Rossy Maranto considera que el turismo sustentable debe impulsarse como factor clave del desarrollo econ\u00f3mico, siempre acompa\u00f1ado del sector culinario que en Tuxpan tiene una gran riqueza.<br \/>\nAdem\u00e1s de implementar programas de capacitaci\u00f3n y financiamiento para peque\u00f1os y medianos empresarios, crear un mercado artesanal permanente para impulsar a los artesanos de la regi\u00f3n, capacitaci\u00f3n educacional a los prestadores de servicios<br \/>\nY en el \u00e1rea de la seguridad, propone garantizar la integridad de las personas y el respeto a los bienes de quienes viven y visiten las maravillas del puerto, est\u00e9n seguros, con innovaci\u00f3n de las estrategias conjuntas entre sociedad y gobierno.<br \/>\nSe\u00f1ala: Conozco las innumerables necesidades de las diversas colonias y comunidades de Tuxpan y desde mis posibilidades he trabajado incansablemente por las familias desprotegidas, cada d\u00eda para m\u00ed ha sido una satisfacci\u00f3n apoyar a alguien en situaci\u00f3n de vulnerabilidad deseo seguir haciendo labor de la mano de la sociedad\u201d.<br \/>\nEl tiempo de mujeres debe llevarse a la pr\u00e1ctica, profundizar en sus proyectos y concretar las ambiciones que con sensibilidad y experiencia han colocado al pa\u00eds en un lugar muy destacado.<br \/>\nSin duda los veracruzanos tienen una responsabilidad muy trascendente porque se trata de consolidar un esfuerzo com\u00fan que por primera vez arroja el trabajo conjunto de autoridades y ciudadanos.<br \/>\nLa idea de construir una pol\u00edtica con faldas ha tenido buenos resultados y romper\u00e1 con muchos mitos sobre la desigualdad y la trascendencia de una visi\u00f3n m\u00e1s clara.<\/p>\n<p><img loading=\"lazy\" decoding=\"async\" class=\"alignnone wp-image-50684 size-full\" src=\"http:\/\/noticiasveracruz.com\/wp-content\/uploads\/2025\/02\/FIRMA-EDITORIAL-PD-5.jpg\" alt=\"\" width=\"1024\" height=\"125\" srcset=\"https:\/\/noticiasveracruz.com\/wp-content\/uploads\/2025\/02\/FIRMA-EDITORIAL-PD-5.jpg 1024w, https:\/\/noticiasveracruz.com\/wp-content\/uploads\/2025\/02\/FIRMA-EDITORIAL-PD-5-300x37.jpg 300w, https:\/\/noticiasveracruz.com\/wp-content\/uploads\/2025\/02\/FIRMA-EDITORIAL-PD-5-768x94.jpg 768w\" sizes=\"auto, (max-width: 1024px) 100vw, 1024px\" \/><\/p>\n","protected":false},"excerpt":{"rendered":"<p>El norte de Veracruz contin\u00faa trabajando hacia el desarrollo y no s\u00f3lo por la proximidad con Estados Unidos en el<\/p>\n","protected":false},"author":4,"featured_media":39420,"comment_status":"closed","ping_status":"closed","sticky":false,"template":"","format":"standard","meta":{"colormag_page_container_layout":"default_layout","colormag_page_sidebar_layout":"default_layout","_jetpack_memberships_contains_paid_content":false,"footnotes":"","jetpack_publicize_message":"","jetpack_publicize_feature_enabled":true,"jetpack_social_post_already_shared":true,"jetpack_social_options":{"image_generator_settings":{"template":"highway","default_image_id":0,"font":"","enabled":false},"version":2}},"categories":[6],"tags":[],"class_list":["post-50769","post","type-post","status-publish","format-standard","has-post-thumbnail","hentry","category-columnistas"],"jetpack_publicize_connections":[],"jetpack_featured_media_url":"https:\/\/noticiasveracruz.com\/wp-content\/uploads\/2024\/09\/NV-JOSE-GARCIA-SANCHEZ.png","jetpack_sharing_enabled":true,"publishpress_future_action":{"enabled":false,"date":"2026-05-08 05:46:05","action":"change-status","newStatus":"draft","terms":[],"taxonomy":"category","extraData":[]},"publishpress_future_workflow_manual_trigger":{"enabledWorkflows":[]},"_links":{"self":[{"href":"https:\/\/noticiasveracruz.com\/index.php\/wp-json\/wp\/v2\/posts\/50769","targetHints":{"allow":["GET"]}}],"collection":[{"href":"https:\/\/noticiasveracruz.com\/index.php\/wp-json\/wp\/v2\/posts"}],"about":[{"href":"https:\/\/noticiasveracruz.com\/index.php\/wp-json\/wp\/v2\/types\/post"}],"author":[{"embeddable":true,"href":"https:\/\/noticiasveracruz.com\/index.php\/wp-json\/wp\/v2\/users\/4"}],"replies":[{"embeddable":true,"href":"https:\/\/noticiasveracruz.com\/index.php\/wp-json\/wp\/v2\/comments?post=50769"}],"version-history":[{"count":0,"href":"https:\/\/noticiasveracruz.com\/index.php\/wp-json\/wp\/v2\/posts\/50769\/revisions"}],"wp:featuredmedia":[{"embeddable":true,"href":"https:\/\/noticiasveracruz.com\/index.php\/wp-json\/wp\/v2\/media\/39420"}],"wp:attachment":[{"href":"https:\/\/noticiasveracruz.com\/index.php\/wp-json\/wp\/v2\/media?parent=50769"}],"wp:term":[{"taxonomy":"category","embeddable":true,"href":"https:\/\/noticiasveracruz.com\/index.php\/wp-json\/wp\/v2\/categories?post=50769"},{"taxonomy":"post_tag","embeddable":true,"href":"https:\/\/noticiasveracruz.com\/index.php\/wp-json\/wp\/v2\/tags?post=50769"}],"curies":[{"name":"wp","href":"https:\/\/api.w.org\/{rel}","templated":true}]}}