{"id":50765,"date":"2025-02-20T00:23:47","date_gmt":"2025-02-20T06:23:47","guid":{"rendered":"https:\/\/noticiasveracruz.com\/?p=50765"},"modified":"2025-02-19T20:53:33","modified_gmt":"2025-02-20T02:53:33","slug":"el-cambio-verdadero","status":"publish","type":"post","link":"https:\/\/noticiasveracruz.com\/index.php\/2025\/02\/20\/el-cambio-verdadero\/","title":{"rendered":"El \u201ccambio verdadero\u201d"},"content":{"rendered":"<p>Vaya crisis la que causaron los Yunes, \u201csin querer queriendo\u201d, al interior de Morena.<\/p>\n<p>La afiliaci\u00f3n formal \u2013porque en sus filas estaba desde diciembre pasado- del senador traidor Miguel \u00c1ngel Yunes M\u00e1rquez al Movimiento de Regeneraci\u00f3n Nacional provoc\u00f3 este martes un terremoto entre los morenistas, en especial los del estado de Veracruz, que encabezados por la gobernadora Roc\u00edo Nahle se declararon en \u201crebeld\u00eda\u201d contra su dirigencia nacional.<\/p>\n<p>La fotograf\u00eda de Yunes M\u00e1rquez como parte de la bancada de Morena en el Senado y su afiliaci\u00f3n previa cay\u00f3 como bomba en el \u00e1nimo de Nahle, quien no le perdona a \u00e9l y su parentela la difusi\u00f3n de su riqueza inmobiliaria durante la campa\u00f1a a la gubernatura del a\u00f1o pasado, por lo cual reaccion\u00f3 iracunda a la incorporaci\u00f3n de su enemigo pol\u00edtico y personal al partido, donde seg\u00fan ella se \u201creservaban el derecho de admisi\u00f3n\u201d.<\/p>\n<p>Nahle exigi\u00f3 en redes sociales a la Comisi\u00f3n de Honestidad y Justicia \u2013hasta suena a chiste- de su partido que \u201cNO acrediten la membres\u00eda como integrante de MORENA a Miguel \u00c1ngel Yunes M\u00e1rquez, por no representar ni contar con los postulados del movimiento de regeneraci\u00f3n\u201d. Y le dijo a la presidenta nacional formal \u2013porque el liderazgo real se ejerce en otro lado- que le enviar\u00e1 la famosa \u201ccarpeta azul\u201d con supuestas pruebas del involucramiento del ex panista en \u201clavado de dinero y otros delitos\u201d.<\/p>\n<p>Cabr\u00eda preguntarle a la gobernadora de Veracruz por qu\u00e9, si cuenta con esas pruebas, en lugar de envi\u00e1rselas a la dirigente de Morena no se las manda mejor al fiscal general de la Rep\u00fablica Alejandro Gertz Manero, o ya de \u201cperdis\u201d a la fiscal de Veracruz, para que procedan por la v\u00eda legal. Claro, la respuesta es obvia. Como obvio es tambi\u00e9n que no solo Luisa Alcalde, sino toda la c\u00fapula del morenato, conocen ese expediente. Tanto as\u00ed, que \u00e9sa fue precisamente la moneda de cambio para doblar y tener como perros mansos a los generalmente rabiosos, bravucones y pendencieros Yunes.<\/p>\n<p>Pero su coraje fue tanto, que la mandataria incluso moviliz\u00f3 a todo el morenismo veracruzano para rechazar la entrada formal del impresentable junior, misma que forma parte de acuerdos que pareciera que Nahle no quiere ver, y que nada tienen que ver con principios, convicciones, ideas, postulados ni nada de eso. Ni siquiera con simpat\u00edas o antipat\u00edas.<\/p>\n<p>El morenato \u201cabraz\u00f3\u201d a los Yunes \u2013as\u00ed como ha abrazado al crimen organizado desde 2018- por un asunto de mera conveniencia. Por ese mismo pragmatismo que le permiti\u00f3 a Andr\u00e9s Manuel L\u00f3pez Obrador llegar finalmente a la presidencia de la Rep\u00fablica y que Claudia Sheinbaum simplemente replica, como muchas otras directrices del obradorismo real, sin cuestionar.<\/p>\n<p>No hay que perder de vista que el acto de este martes forma parte de la campa\u00f1a nacional de afiliaci\u00f3n a Morena que encabeza Andr\u00e9s Manuel L\u00f3pez Beltr\u00e1n, hijo de ya sabe qui\u00e9n. El mismo que la semana pasada tambi\u00e9n se tom\u00f3 una foto con otro \u201creafiliado\u201d que apesta a azufre, el narcogobernador de Sinaloa Rub\u00e9n Rocha Moya.<\/p>\n<p>Si L\u00f3pez Beltr\u00e1n \u2013y por ende, ya sabe qui\u00e9n- no estuvieran de acuerdo en meter a Morena a los Yunes, simplemente no habr\u00eda sucedido. Muchos menos, \u201cAndy\u201d se habr\u00eda tomado una foto con el pusil\u00e1nime que hace no mucho le dec\u00eda \u201cviejo guango\u201d a su padre y que demostr\u00f3, con tantito apretarlo, que el guango era otro.<\/p>\n<p>Sin embargo, Roc\u00edo Nahle elev\u00f3 su apuesta muy alto al desafiar una decisi\u00f3n que sabe muy bien qui\u00e9n tom\u00f3 realmente.<\/p>\n<p>Si logra evitar que los Yunes entren a Morena, sin duda se fortalecer\u00e1 a nivel local y nacional, demostrando un importante ascendente dentro de su partido y con quien lo dirige en las sombras.<\/p>\n<p>Pero si la ignoran y el \u201cclan\u201d se sostiene dentro del partido oficial, la derrota de Nahle ser\u00e1 estrepitosa y marcar\u00e1 el resto de su gubernatura. Su margen de maniobra ser\u00eda nulo y la humillaci\u00f3n, insoportable.<\/p>\n<p>Lo que queda claro \u2013por si alguien todav\u00eda lo duda- es cu\u00e1l fue el \u201ccambio verdadero\u201d. Y no es el que creen los sufridos \u201ctragasapos\u201d de la \u201ccuatrot\u00e9\u201d.<\/p>\n<p>&nbsp;<\/p>\n<p><strong>Ni panistas, ni nada<\/strong><\/p>\n<p>&nbsp;<\/p>\n<p>Mientras se registraba como flamante morenista, flanqueado por los senadores Ad\u00e1n Augusto L\u00f3pez y Gerardo Fern\u00e1ndez Noro\u00f1a, Miguel \u00c1ngel Yunes M\u00e1rquez blofeaba que \u201cno me afecta en nada\u2026 contamos con una estructura\u2026 somos yunistas, no panistas, ni\u00a0nada\u2026\u201d, respecto de sus convicciones pol\u00edticas.<\/p>\n<p>El chiste se cuenta solo.<\/p>\n<p><img loading=\"lazy\" decoding=\"async\" class=\"alignnone wp-image-50684 size-full\" src=\"http:\/\/noticiasveracruz.com\/wp-content\/uploads\/2025\/02\/FIRMA-EDITORIAL-PD-5.jpg\" alt=\"\" width=\"1024\" height=\"125\" srcset=\"https:\/\/noticiasveracruz.com\/wp-content\/uploads\/2025\/02\/FIRMA-EDITORIAL-PD-5.jpg 1024w, https:\/\/noticiasveracruz.com\/wp-content\/uploads\/2025\/02\/FIRMA-EDITORIAL-PD-5-300x37.jpg 300w, https:\/\/noticiasveracruz.com\/wp-content\/uploads\/2025\/02\/FIRMA-EDITORIAL-PD-5-768x94.jpg 768w\" sizes=\"auto, (max-width: 1024px) 100vw, 1024px\" \/><\/p>\n","protected":false},"excerpt":{"rendered":"<p>Vaya crisis la que causaron los Yunes, \u201csin querer queriendo\u201d, al interior de Morena. La afiliaci\u00f3n formal \u2013porque en sus<\/p>\n","protected":false},"author":4,"featured_media":39719,"comment_status":"closed","ping_status":"closed","sticky":false,"template":"","format":"standard","meta":{"colormag_page_container_layout":"default_layout","colormag_page_sidebar_layout":"default_layout","_jetpack_memberships_contains_paid_content":false,"footnotes":"","jetpack_publicize_message":"","jetpack_publicize_feature_enabled":true,"jetpack_social_post_already_shared":true,"jetpack_social_options":{"image_generator_settings":{"template":"highway","default_image_id":0,"font":"","enabled":false},"version":2}},"categories":[6],"tags":[],"class_list":["post-50765","post","type-post","status-publish","format-standard","has-post-thumbnail","hentry","category-columnistas"],"jetpack_publicize_connections":[],"jetpack_featured_media_url":"https:\/\/noticiasveracruz.com\/wp-content\/uploads\/2024\/09\/NV-RUBICA-2.jpg","jetpack_sharing_enabled":true,"publishpress_future_action":{"enabled":false,"date":"2026-05-08 05:41:23","action":"change-status","newStatus":"draft","terms":[],"taxonomy":"category","extraData":[]},"publishpress_future_workflow_manual_trigger":{"enabledWorkflows":[]},"_links":{"self":[{"href":"https:\/\/noticiasveracruz.com\/index.php\/wp-json\/wp\/v2\/posts\/50765","targetHints":{"allow":["GET"]}}],"collection":[{"href":"https:\/\/noticiasveracruz.com\/index.php\/wp-json\/wp\/v2\/posts"}],"about":[{"href":"https:\/\/noticiasveracruz.com\/index.php\/wp-json\/wp\/v2\/types\/post"}],"author":[{"embeddable":true,"href":"https:\/\/noticiasveracruz.com\/index.php\/wp-json\/wp\/v2\/users\/4"}],"replies":[{"embeddable":true,"href":"https:\/\/noticiasveracruz.com\/index.php\/wp-json\/wp\/v2\/comments?post=50765"}],"version-history":[{"count":0,"href":"https:\/\/noticiasveracruz.com\/index.php\/wp-json\/wp\/v2\/posts\/50765\/revisions"}],"wp:featuredmedia":[{"embeddable":true,"href":"https:\/\/noticiasveracruz.com\/index.php\/wp-json\/wp\/v2\/media\/39719"}],"wp:attachment":[{"href":"https:\/\/noticiasveracruz.com\/index.php\/wp-json\/wp\/v2\/media?parent=50765"}],"wp:term":[{"taxonomy":"category","embeddable":true,"href":"https:\/\/noticiasveracruz.com\/index.php\/wp-json\/wp\/v2\/categories?post=50765"},{"taxonomy":"post_tag","embeddable":true,"href":"https:\/\/noticiasveracruz.com\/index.php\/wp-json\/wp\/v2\/tags?post=50765"}],"curies":[{"name":"wp","href":"https:\/\/api.w.org\/{rel}","templated":true}]}}