{"id":50740,"date":"2025-02-20T00:14:08","date_gmt":"2025-02-20T06:14:08","guid":{"rendered":"https:\/\/noticiasveracruz.com\/?p=50740"},"modified":"2025-02-19T20:33:07","modified_gmt":"2025-02-20T02:33:07","slug":"habitantes-de-actopan-veracruz-rechazan-construccion-de-granja-avicola","status":"publish","type":"post","link":"https:\/\/noticiasveracruz.com\/index.php\/2025\/02\/20\/habitantes-de-actopan-veracruz-rechazan-construccion-de-granja-avicola\/","title":{"rendered":"Habitantes de Actopan, Veracruz rechazan construcci\u00f3n de granja av\u00edcola"},"content":{"rendered":"<p>Habitantes de la zona de La Laguna de la Mancha, en el municipio de Actopan, exigieron la cancelaci\u00f3n de la construcci\u00f3n de una granja av\u00edcola en la regi\u00f3n, pues aseguran que pone en riesgo el medio ambiente.<\/p>\n<p>A trav\u00e9s de un comunicado expresaron su indignaci\u00f3n ante las irregularidades que existen en el otorgamiento de permisos para iniciar la edificaci\u00f3n y posteriormente operar en la zona.<\/p>\n<p>Aseguraron que la Manifestaci\u00f3n de Impacto Ambiental (MIA) presentada por los promoventes y evaluada por la Secretar\u00eda del Medio Ambiente del Estado de Veracruz presenta omisiones graves, como la existencia de vegetaci\u00f3n y de cuerpos de agua que deben ser protegidos.<\/p>\n<p>\u201cAlzamos la voz con profunda preocupaci\u00f3n ante la amenaza que representa la instalaci\u00f3n de una granja av\u00edcola industrial en nuestra regi\u00f3n, y con indignaci\u00f3n por las irregularidades con que se aprob\u00f3 la construcci\u00f3n de la misma, obra que ya se encuentra en marcha. Este proyecto, impulsado por la empresa \u201cRS, Granos, Hortalizas y Carne, S de RP de RL de CV\u201d bajo el nombre \u201cGranja Av\u00edcola Ecosustentable ALP Nuestra Se\u00f1ora de Guadalupe de Palmas de Abajo\u201d, pone en grave riesgo nuestro territorio, nuestra salud y nuestros medios de vida\u201d, indicaron.<\/p>\n<p>Enfatizaron que la construcci\u00f3n de la granja agravara los escurrimientos contaminantes, y con ello la crisis ambiental de la laguna, provocando un da\u00f1o irreversible.<\/p>\n<p>Los inconformes agregaron que es conocido que la presencia de granjas de este tipo impacta de manera negativa en el suelo y subsuelo de la zona, as\u00ed como en los cuerpos de agua.<\/p>\n<p>\u201cLas granjas av\u00edcolas industriales han sido documentadas como fuentes de contaminaci\u00f3n del agua, suelo y aire. Adem\u00e1s de generar olores nocivos, emiten gases con altos niveles de amon\u00edaco, un contaminante atmosf\u00e9rico que afecta la salud y la capa de ozono\u201d, se\u00f1alaron.<\/p>\n<p>Cabe recordar que en Veracruz ya existen granjas para la producci\u00f3n de carne, las cuales han generado molestias e inconformidades entre la poblaci\u00f3n debido a el da\u00f1o que generan en el medio ambiente y el deterioro de la calidad de vida.<\/p>\n<p>Un ejemplo de ello, es el de Granjas Carrillo en Perote, donde las manifestaciones en contra de su operaci\u00f3n derivaron en la muerte de dos personas por parte de la Secretar\u00eda de Seguridad P\u00fablica de Veracruz.<\/p>\n","protected":false},"excerpt":{"rendered":"<p>Habitantes de la zona de La Laguna de la Mancha, en el municipio de Actopan, exigieron la cancelaci\u00f3n de la<\/p>\n","protected":false},"author":4,"featured_media":50741,"comment_status":"closed","ping_status":"closed","sticky":false,"template":"","format":"standard","meta":{"colormag_page_container_layout":"default_layout","colormag_page_sidebar_layout":"default_layout","_jetpack_memberships_contains_paid_content":false,"footnotes":"","jetpack_publicize_message":"","jetpack_publicize_feature_enabled":true,"jetpack_social_post_already_shared":true,"jetpack_social_options":{"image_generator_settings":{"template":"highway","default_image_id":0,"font":"","enabled":false},"version":2}},"categories":[145],"tags":[],"class_list":["post-50740","post","type-post","status-publish","format-standard","has-post-thumbnail","hentry","category-estados"],"jetpack_publicize_connections":[],"jetpack_featured_media_url":"https:\/\/noticiasveracruz.com\/wp-content\/uploads\/2025\/02\/ACT.jpg","jetpack_sharing_enabled":true,"publishpress_future_action":{"enabled":false,"date":"2026-05-08 13:46:59","action":"change-status","newStatus":"draft","terms":[],"taxonomy":"category","extraData":[]},"publishpress_future_workflow_manual_trigger":{"enabledWorkflows":[]},"_links":{"self":[{"href":"https:\/\/noticiasveracruz.com\/index.php\/wp-json\/wp\/v2\/posts\/50740","targetHints":{"allow":["GET"]}}],"collection":[{"href":"https:\/\/noticiasveracruz.com\/index.php\/wp-json\/wp\/v2\/posts"}],"about":[{"href":"https:\/\/noticiasveracruz.com\/index.php\/wp-json\/wp\/v2\/types\/post"}],"author":[{"embeddable":true,"href":"https:\/\/noticiasveracruz.com\/index.php\/wp-json\/wp\/v2\/users\/4"}],"replies":[{"embeddable":true,"href":"https:\/\/noticiasveracruz.com\/index.php\/wp-json\/wp\/v2\/comments?post=50740"}],"version-history":[{"count":0,"href":"https:\/\/noticiasveracruz.com\/index.php\/wp-json\/wp\/v2\/posts\/50740\/revisions"}],"wp:featuredmedia":[{"embeddable":true,"href":"https:\/\/noticiasveracruz.com\/index.php\/wp-json\/wp\/v2\/media\/50741"}],"wp:attachment":[{"href":"https:\/\/noticiasveracruz.com\/index.php\/wp-json\/wp\/v2\/media?parent=50740"}],"wp:term":[{"taxonomy":"category","embeddable":true,"href":"https:\/\/noticiasveracruz.com\/index.php\/wp-json\/wp\/v2\/categories?post=50740"},{"taxonomy":"post_tag","embeddable":true,"href":"https:\/\/noticiasveracruz.com\/index.php\/wp-json\/wp\/v2\/tags?post=50740"}],"curies":[{"name":"wp","href":"https:\/\/api.w.org\/{rel}","templated":true}]}}