{"id":50737,"date":"2025-02-20T00:13:05","date_gmt":"2025-02-20T06:13:05","guid":{"rendered":"https:\/\/noticiasveracruz.com\/?p=50737"},"modified":"2025-02-19T20:30:49","modified_gmt":"2025-02-20T02:30:49","slug":"decretan-toque-de-queda-en-hocaba-yucatan-exclusivo-para-menores","status":"publish","type":"post","link":"https:\/\/noticiasveracruz.com\/index.php\/2025\/02\/20\/decretan-toque-de-queda-en-hocaba-yucatan-exclusivo-para-menores\/","title":{"rendered":"Decretan toque de queda en Hocab\u00e1, Yucat\u00e1n, exclusivo para menores"},"content":{"rendered":"<p>El alcalde morenista Jos\u00e9 Chan Cen decret\u00f3 \u201ctoque de queda\u201d a partir de las 11 de la noche del martes, exclusivamente para menores de edad.<\/p>\n<p>La Polic\u00eda Municipal detuvo a dos menores a las 12 de la noche porque salieron a comprar en las cercan\u00edas a sus domicilios. En esta ocasi\u00f3n solo fueron amonestados, pero se les advirti\u00f3 que de repetirse ser\u00edan detenidos y sus padres tendr\u00edan que pagar una multa administrativa.<\/p>\n<p>El llamado \u201ctoque de queda\u201d pretende apoyar un programa del gobernador Joaqu\u00edn\u00a0<em>Huacho<\/em>\u00a0D\u00edaz Mena para prevenir la inseguridad y evitar que los infantes caigan en malas pr\u00e1cticas, a ra\u00edz de que en enero pasado, en la poblaci\u00f3n de Tekit, la poblaci\u00f3n linch\u00f3 a un presunto pandillero al quemarlo vivo. Horas antes, el ahora occiso hab\u00eda agredido a machetazos a una mujer para darle muerte, en la misma poblaci\u00f3n.<\/p>\n<p>La medida tambi\u00e9n se extendi\u00f3 a Sahcab\u00e1, peque\u00f1a poblaci\u00f3n dentro del municipio. En el operativo, la Polic\u00eda Municipal tuvo el respaldo de agentes de la Secretar\u00eda de Seguridad P\u00fablica (SSP) Yucat\u00e1n.<\/p>\n<p>Por su parte, la comuna de Hocab\u00e1 emiti\u00f3 un comunicado a trav\u00e9s de sus redes sociales en el que inform\u00f3 que \u201cla Direcci\u00f3n de Seguridad P\u00fablica Municipal de Hocab\u00e1, encabezada por Jos\u00e9 Mat\u00fa, implementa la vigilancia preventiva bajo la supervisi\u00f3n del comandante, V\u00edctor Manuel Montalvo Chan, jefe de la Zona 5 Centro de la Secretar\u00eda de Seguridad P\u00fablica, as\u00ed como el grupo Dorados Goera (de reacci\u00f3n antiviolencia perteneciente a la polic\u00eda estatal)\u201d.<\/p>\n<p>De acuerdo con las nuevas disposiciones, los menores de edad ya no podr\u00e1n permanecer fuera de sus casas despu\u00e9s de las 11 de la noche, salvo que est\u00e9n acompa\u00f1ados de sus padres, madres, hermanos mayores y otros familiares.<\/p>\n<p>A su vez, el alcalde, Jos\u00e9 Chan Cen, precis\u00f3 que esta estrategia se realiza con la coordinaci\u00f3n del gobierno estatal y que forma parte del programa Aliados por la Vida. Indic\u00f3 que la medida se aplica para \u201csalvaguardar el bienestar social, la paz, la integridad y la seguridad de los habitantes de esta poblaci\u00f3n\u201d.<\/p>\n<p>En tanto, la Comisi\u00f3n de Derechos Humanos del Estado de Yucat\u00e1n (Codhey) ya emiti\u00f3 una medida cautelar solicitando a la autoridad municipal abstenerse de la aplicaci\u00f3n de un \u201ctoque de queda\u201d, ya que bajo ninguna circunstancia deben aplicarse faltas administrativas por infracciones reglamentarias en materia de vialidad, y menos a menores de edad.<\/p>\n<p>\u201c&#8230; en el Bando de Polic\u00eda y Buen Gobierno Municipal, se rebasa el marco y procedimiento jur\u00eddico respecto a la suspensi\u00f3n o limitaci\u00f3n de derechos humanos y libertades fundamentales, espec\u00edficamente la seguridad jur\u00eddica y la libertad de tr\u00e1nsito\u201d, se\u00f1al\u00f3 el organismo defensor de los derechos humanos.<\/p>\n<p>Por el momento, el alcalde Jos\u00e9 Chan ha ignorado el preventivo de la Comisi\u00f3n de Derechos Humanos estatal que demand\u00f3 no poner en marcha dicho ordenamiento que proh\u00edbe el libre tr\u00e1nsito.<\/p>\n","protected":false},"excerpt":{"rendered":"<p>El alcalde morenista Jos\u00e9 Chan Cen decret\u00f3 \u201ctoque de queda\u201d a partir de las 11 de la noche del martes,<\/p>\n","protected":false},"author":4,"featured_media":50738,"comment_status":"closed","ping_status":"closed","sticky":false,"template":"","format":"standard","meta":{"colormag_page_container_layout":"default_layout","colormag_page_sidebar_layout":"default_layout","_jetpack_memberships_contains_paid_content":false,"footnotes":"","jetpack_publicize_message":"","jetpack_publicize_feature_enabled":true,"jetpack_social_post_already_shared":true,"jetpack_social_options":{"image_generator_settings":{"template":"highway","default_image_id":0,"font":"","enabled":false},"version":2}},"categories":[145],"tags":[],"class_list":["post-50737","post","type-post","status-publish","format-standard","has-post-thumbnail","hentry","category-estados"],"jetpack_publicize_connections":[],"jetpack_featured_media_url":"https:\/\/noticiasveracruz.com\/wp-content\/uploads\/2025\/02\/WhatsApp-Image-2025-02-18-at-13.01.04-2-1024x641-1.jpeg","jetpack_sharing_enabled":true,"publishpress_future_action":{"enabled":false,"date":"2026-05-08 12:57:12","action":"change-status","newStatus":"draft","terms":[],"taxonomy":"category","extraData":[]},"publishpress_future_workflow_manual_trigger":{"enabledWorkflows":[]},"_links":{"self":[{"href":"https:\/\/noticiasveracruz.com\/index.php\/wp-json\/wp\/v2\/posts\/50737","targetHints":{"allow":["GET"]}}],"collection":[{"href":"https:\/\/noticiasveracruz.com\/index.php\/wp-json\/wp\/v2\/posts"}],"about":[{"href":"https:\/\/noticiasveracruz.com\/index.php\/wp-json\/wp\/v2\/types\/post"}],"author":[{"embeddable":true,"href":"https:\/\/noticiasveracruz.com\/index.php\/wp-json\/wp\/v2\/users\/4"}],"replies":[{"embeddable":true,"href":"https:\/\/noticiasveracruz.com\/index.php\/wp-json\/wp\/v2\/comments?post=50737"}],"version-history":[{"count":0,"href":"https:\/\/noticiasveracruz.com\/index.php\/wp-json\/wp\/v2\/posts\/50737\/revisions"}],"wp:featuredmedia":[{"embeddable":true,"href":"https:\/\/noticiasveracruz.com\/index.php\/wp-json\/wp\/v2\/media\/50738"}],"wp:attachment":[{"href":"https:\/\/noticiasveracruz.com\/index.php\/wp-json\/wp\/v2\/media?parent=50737"}],"wp:term":[{"taxonomy":"category","embeddable":true,"href":"https:\/\/noticiasveracruz.com\/index.php\/wp-json\/wp\/v2\/categories?post=50737"},{"taxonomy":"post_tag","embeddable":true,"href":"https:\/\/noticiasveracruz.com\/index.php\/wp-json\/wp\/v2\/tags?post=50737"}],"curies":[{"name":"wp","href":"https:\/\/api.w.org\/{rel}","templated":true}]}}