{"id":50734,"date":"2025-02-20T00:12:33","date_gmt":"2025-02-20T06:12:33","guid":{"rendered":"https:\/\/noticiasveracruz.com\/?p=50734"},"modified":"2025-02-19T20:26:34","modified_gmt":"2025-02-20T02:26:34","slug":"recorta-bdem-a-0-6-pronostico-de-crecimiento-para-2025","status":"publish","type":"post","link":"https:\/\/noticiasveracruz.com\/index.php\/2025\/02\/20\/recorta-bdem-a-0-6-pronostico-de-crecimiento-para-2025\/","title":{"rendered":"Recorta BdeM a 0.6% pron\u00f3stico de crecimiento para 2025"},"content":{"rendered":"<p>El Banco de M\u00e9xico (BdeM) recort\u00f3 este mi\u00e9rcoles su previsi\u00f3n de crecimiento econ\u00f3mico para el pa\u00eds en 2025 al pasarla de una previa de 1.2 por ciento a s\u00f3lo 0.6 por ciento, nivel que a\u00fan no incorpora las posibles afectaciones econ\u00f3micas que pueda tener una posible aplicaci\u00f3n de aranceles por parte de Estados Unidos.<\/p>\n<p>En conferencia de prensa para presentar el \u201cReporte trimestral octubre &#8211; diciembre 2024\u201d, Victoria Rodr\u00edguez Ceja, gobernadora del banco central, destac\u00f3 que la integraci\u00f3n comercial ha sido un motor de crecimiento importante de M\u00e9xico; mientras que por el lado de Estados Unidos, \u00e9sta ha permitido a sus consumidores acceder a bienes a precios competitivos.<\/p>\n<p>Por lo cual, advirti\u00f3, la implementaci\u00f3n de aranceles entre socios comerciales traer\u00e1 consigo una \u201cinflaci\u00f3n importante\u201d, y \u201cafectaciones importantes\u201d a las econom\u00edas de ambos pa\u00edses.<\/p>\n<p>\u201cA\u00fan hay incertidumbre, pero tenemos presente que de materializarse pol\u00edticas de este tipo estar\u00edamos teniendo afectaciones sobre nuestra actividad econ\u00f3mica y en cuanto afectaciones a la inflaci\u00f3n estar\u00edamos viendo efectos en ambos sentidos del balance, es decir, por un lado menor crecimiento, y por otro m\u00e1s presi\u00f3n por depreciaci\u00f3n del tipo de cambio\u201d, explic\u00f3.<\/p>\n<p>No obstante, enfatiz\u00f3 en que M\u00e9xico tiene fundamentos macroecon\u00f3micos muy s\u00f3lidos, que en el pasado ha permitido enfrentar situaciones complejas: \u201cLa econom\u00eda de nuestro pa\u00eds ha mostrado ser flexible y resiliente cuando se trata de enfrentar retos\u201d.<\/p>\n<p>&nbsp;<\/p>\n","protected":false},"excerpt":{"rendered":"<p>El Banco de M\u00e9xico (BdeM) recort\u00f3 este mi\u00e9rcoles su previsi\u00f3n de crecimiento econ\u00f3mico para el pa\u00eds en 2025 al pasarla<\/p>\n","protected":false},"author":4,"featured_media":50735,"comment_status":"closed","ping_status":"closed","sticky":false,"template":"","format":"standard","meta":{"colormag_page_container_layout":"default_layout","colormag_page_sidebar_layout":"default_layout","_jetpack_memberships_contains_paid_content":false,"footnotes":"","jetpack_publicize_message":"","jetpack_publicize_feature_enabled":true,"jetpack_social_post_already_shared":true,"jetpack_social_options":{"image_generator_settings":{"template":"highway","default_image_id":0,"font":"","enabled":false},"version":2}},"categories":[1947],"tags":[],"class_list":["post-50734","post","type-post","status-publish","format-standard","has-post-thumbnail","hentry","category-economia"],"jetpack_publicize_connections":[],"jetpack_featured_media_url":"https:\/\/noticiasveracruz.com\/wp-content\/uploads\/2025\/02\/pic-22111105-1028x670-1.jpg","jetpack_sharing_enabled":true,"publishpress_future_action":{"enabled":false,"date":"2026-05-08 12:03:20","action":"change-status","newStatus":"draft","terms":[],"taxonomy":"category","extraData":[]},"publishpress_future_workflow_manual_trigger":{"enabledWorkflows":[]},"_links":{"self":[{"href":"https:\/\/noticiasveracruz.com\/index.php\/wp-json\/wp\/v2\/posts\/50734","targetHints":{"allow":["GET"]}}],"collection":[{"href":"https:\/\/noticiasveracruz.com\/index.php\/wp-json\/wp\/v2\/posts"}],"about":[{"href":"https:\/\/noticiasveracruz.com\/index.php\/wp-json\/wp\/v2\/types\/post"}],"author":[{"embeddable":true,"href":"https:\/\/noticiasveracruz.com\/index.php\/wp-json\/wp\/v2\/users\/4"}],"replies":[{"embeddable":true,"href":"https:\/\/noticiasveracruz.com\/index.php\/wp-json\/wp\/v2\/comments?post=50734"}],"version-history":[{"count":0,"href":"https:\/\/noticiasveracruz.com\/index.php\/wp-json\/wp\/v2\/posts\/50734\/revisions"}],"wp:featuredmedia":[{"embeddable":true,"href":"https:\/\/noticiasveracruz.com\/index.php\/wp-json\/wp\/v2\/media\/50735"}],"wp:attachment":[{"href":"https:\/\/noticiasveracruz.com\/index.php\/wp-json\/wp\/v2\/media?parent=50734"}],"wp:term":[{"taxonomy":"category","embeddable":true,"href":"https:\/\/noticiasveracruz.com\/index.php\/wp-json\/wp\/v2\/categories?post=50734"},{"taxonomy":"post_tag","embeddable":true,"href":"https:\/\/noticiasveracruz.com\/index.php\/wp-json\/wp\/v2\/tags?post=50734"}],"curies":[{"name":"wp","href":"https:\/\/api.w.org\/{rel}","templated":true}]}}