{"id":50731,"date":"2025-02-20T00:11:15","date_gmt":"2025-02-20T06:11:15","guid":{"rendered":"https:\/\/noticiasveracruz.com\/?p=50731"},"modified":"2025-02-19T20:24:32","modified_gmt":"2025-02-20T02:24:32","slug":"china-rechaza-imposicion-unilateral-de-aranceles-estadunidenses","status":"publish","type":"post","link":"https:\/\/noticiasveracruz.com\/index.php\/2025\/02\/20\/china-rechaza-imposicion-unilateral-de-aranceles-estadunidenses\/","title":{"rendered":"China rechaza imposici\u00f3n unilateral de aranceles estadunidenses"},"content":{"rendered":"<p class=\"western\">El ministro de Comercio Wang Wentao expres\u00f3 su profundo descontento con los aranceles impuestos por Estados Unidos a los productos chinos en una carta dirigida al reci\u00e9n nombrado secretario de Comercio estadunidense, Howard Lutnick, inform\u00f3 su cartera el mi\u00e9rcoles.<\/p>\n<p class=\"western\">Wang envi\u00f3 la carta a Lutnick el mi\u00e9rcoles para felicitarlo por su confirmaci\u00f3n, seg\u00fan el ministerio.<\/p>\n<p class=\"western\">\u201cLa medida de Estados Unidos de imponer aranceles unilateralmente socav\u00f3 la cooperaci\u00f3n econ\u00f3mica y comercial normal entre China y Estados Unidos\u201d, escribi\u00f3 Wang en la misiva.<\/p>\n<p class=\"western\">El presidente Donald Trump impuso aranceles generalizados de 10 por ciento a todas las importaciones chinas a principios de febrero, alegando que Pek\u00edn necesitaba frenar el flujo de fentanilo hacia Estados Unidos.<\/p>\n<p class=\"western\">En su carta, Wang dijo que China est\u00e1 dispuesta a trabajar con Estados Unidos para crear un entorno pol\u00edtico justo y predecible para la cooperaci\u00f3n entre las comunidades empresariales de ambos pa\u00edses, a\u00f1adiendo que la imposici\u00f3n unilateral de aranceles por parte de Washington socava la cooperaci\u00f3n econ\u00f3mica y comercial normal entre los dos pa\u00edses.<\/p>\n<p class=\"western\">En cuanto a la cuesti\u00f3n del fentanilo, China afirma que ha tomado medidas significativas para acabar con las sustancias qu\u00edmicas y el tr\u00e1fico il\u00edcito de drogas, y Wang se\u00f1al\u00f3 que ambos pa\u00edses han llevado a cabo una cooperaci\u00f3n \u201camplia y profunda\u201d para controlar la droga y han logrado resultados considerables.<\/p>\n<p class=\"western\">Por otra parte, China conden\u00f3 los aranceles en una reuni\u00f3n de la Organizaci\u00f3n Mundial del Comercio (OMC), diciendo que tales \u201cimpactos arancelarios\u201d podr\u00edan poner \u201cpatas arriba\u201d el sistema de comercio mundial.<\/p>\n<p class=\"western\">\u201cEstos \u2018impactos arancelarios\u2019 aumentan la incertidumbre econ\u00f3mica, perturban el comercio mundial y suponen un riesgo de inflaci\u00f3n dom\u00e9stica, distorsi\u00f3n del mercado o incluso recesi\u00f3n mundial\u201d, dijo el embajador de China ante la OMC, Li Chenggang, en una reuni\u00f3n a puerta cerrada del organismo, seg\u00fanun comunicado enviado a Reuters.<\/p>\n<p class=\"western\">Peor a\u00fan, el unilateralismo estadunidense amenaza con poner patas arriba el sistema multilateral de comercio basado en normas\u201d.<\/p>\n<p class=\"western\">El enviado estadunidense David Bisbee respondi\u00f3 calificando la econom\u00eda china de \u201csistema econ\u00f3mico depredador no de mercado\u201d.<\/p>\n<p class=\"western\">Las refiner\u00edas chinas han incrementado sus compras de crudo brasile\u00f1o y de \u00c1frica Occidental mientras reorganizan su abastecimiento en torno a las sanciones y las interrupciones arancelarias, y despu\u00e9s de que subieran los precios de los grados de Oriente Medio.<\/p>\n<p class=\"western\">Los datos de Kpler mostraron un aumento intermensual de 49 por ciento en el crudo brasile\u00f1o y de 36 por ciento en el angole\u00f1o para las importaciones previstas por China este mes.<\/p>\n","protected":false},"excerpt":{"rendered":"<p>El ministro de Comercio Wang Wentao expres\u00f3 su profundo descontento con los aranceles impuestos por Estados Unidos a los productos<\/p>\n","protected":false},"author":4,"featured_media":50732,"comment_status":"closed","ping_status":"closed","sticky":false,"template":"","format":"standard","meta":{"colormag_page_container_layout":"default_layout","colormag_page_sidebar_layout":"default_layout","_jetpack_memberships_contains_paid_content":false,"footnotes":"","jetpack_publicize_message":"","jetpack_publicize_feature_enabled":true,"jetpack_social_post_already_shared":true,"jetpack_social_options":{"image_generator_settings":{"template":"highway","default_image_id":0,"font":"","enabled":false},"version":2}},"categories":[1947],"tags":[],"class_list":["post-50731","post","type-post","status-publish","format-standard","has-post-thumbnail","hentry","category-economia"],"jetpack_publicize_connections":[],"jetpack_featured_media_url":"https:\/\/noticiasveracruz.com\/wp-content\/uploads\/2025\/02\/460781_4x.jpg","jetpack_sharing_enabled":true,"publishpress_future_action":{"enabled":false,"date":"2026-05-08 13:01:54","action":"change-status","newStatus":"draft","terms":[],"taxonomy":"category","extraData":[]},"publishpress_future_workflow_manual_trigger":{"enabledWorkflows":[]},"_links":{"self":[{"href":"https:\/\/noticiasveracruz.com\/index.php\/wp-json\/wp\/v2\/posts\/50731","targetHints":{"allow":["GET"]}}],"collection":[{"href":"https:\/\/noticiasveracruz.com\/index.php\/wp-json\/wp\/v2\/posts"}],"about":[{"href":"https:\/\/noticiasveracruz.com\/index.php\/wp-json\/wp\/v2\/types\/post"}],"author":[{"embeddable":true,"href":"https:\/\/noticiasveracruz.com\/index.php\/wp-json\/wp\/v2\/users\/4"}],"replies":[{"embeddable":true,"href":"https:\/\/noticiasveracruz.com\/index.php\/wp-json\/wp\/v2\/comments?post=50731"}],"version-history":[{"count":0,"href":"https:\/\/noticiasveracruz.com\/index.php\/wp-json\/wp\/v2\/posts\/50731\/revisions"}],"wp:featuredmedia":[{"embeddable":true,"href":"https:\/\/noticiasveracruz.com\/index.php\/wp-json\/wp\/v2\/media\/50732"}],"wp:attachment":[{"href":"https:\/\/noticiasveracruz.com\/index.php\/wp-json\/wp\/v2\/media?parent=50731"}],"wp:term":[{"taxonomy":"category","embeddable":true,"href":"https:\/\/noticiasveracruz.com\/index.php\/wp-json\/wp\/v2\/categories?post=50731"},{"taxonomy":"post_tag","embeddable":true,"href":"https:\/\/noticiasveracruz.com\/index.php\/wp-json\/wp\/v2\/tags?post=50731"}],"curies":[{"name":"wp","href":"https:\/\/api.w.org\/{rel}","templated":true}]}}