{"id":50728,"date":"2025-02-20T00:10:27","date_gmt":"2025-02-20T06:10:27","guid":{"rendered":"https:\/\/noticiasveracruz.com\/?p=50728"},"modified":"2025-02-19T20:21:15","modified_gmt":"2025-02-20T02:21:15","slug":"politicas-de-trump-elevan-preocupacion-por-inflacion-en-eu-indica-fed","status":"publish","type":"post","link":"https:\/\/noticiasveracruz.com\/index.php\/2025\/02\/20\/politicas-de-trump-elevan-preocupacion-por-inflacion-en-eu-indica-fed\/","title":{"rendered":"Pol\u00edticas de Trump elevan preocupaci\u00f3n por inflaci\u00f3n en EU, indica Fed"},"content":{"rendered":"<p class=\"western\">Las propuestas del presidente Donald Trump avivaron la preocupaci\u00f3n en la Reserva Federal (Fed) sobre el aumento de la inflaci\u00f3n, dijeron los responsables de pol\u00edtica monetaria en la reuni\u00f3n celebrada en la siguiente semana despu\u00e9s de la toma de posesi\u00f3n del republicano.<\/p>\n<p class=\"western\">Los participantes en la reuni\u00f3n del banco central celebrada el 28 y 29 de enero \u201capuntaron en general a los riesgos al alza para las perspectivas de inflaci\u00f3n\u201d, m\u00e1s que a los riesgos para el mercado laboral, seg\u00fan las minutas publicadas el mi\u00e9rcoles.<\/p>\n<p class=\"western\">\u201cEn particular, los participantes citaron los potenciales efectos de posibles cambios en la pol\u00edtica comercial y de inmigraci\u00f3n, la posibilidad de que los acontecimientos geopol\u00edticos perturben las cadenas de suministro o un gasto de los hogares mayor a lo esperado\u201d.<\/p>\n<p class=\"western\">Aunque siguen confiando en que las presiones sobre los precios seguir\u00e1n cediendo, \u201cse citaron otros factores que podr\u00edan obstaculizar el proceso de desinflaci\u00f3n\u201d. Por ejemplo, se mostr\u00f3 el hecho de que \u201clos contactos empresariales en varios distritos (de la Fed) indicaron que las empresas intentar\u00edan trasladar a los consumidores los mayores costos de los insumos derivados de posibles aranceles\u201d.<\/p>\n<p class=\"western\">Al tomar protesta para un segundo mandato como presidente, Donald Trump comenz\u00f3 a dar detalles en sus primeros d\u00edas en el cargo, incluida la propuesta de aranceles de 25 por ciento a Canad\u00e1 y M\u00e9xico, y un cierre de la frontera sur.<\/p>\n<p class=\"western\">La Fed mantuvo su tasa de inter\u00e9s de referencia en el rango de 4.25-4.50 por ciento en su reuni\u00f3n del mes pasado, y los funcionarios desde entonces han dicho que no tienen prisa por recortar los tipos de nuevo hasta que est\u00e9n m\u00e1s seguros de que la inflaci\u00f3n disminuir\u00e1 al objetivo de 2 por ciento desde los niveles actuales alrededor de medio punto porcentual por encima de ese nivel.<\/p>\n","protected":false},"excerpt":{"rendered":"<p>Las propuestas del presidente Donald Trump avivaron la preocupaci\u00f3n en la Reserva Federal (Fed) sobre el aumento de la inflaci\u00f3n,<\/p>\n","protected":false},"author":4,"featured_media":50729,"comment_status":"closed","ping_status":"closed","sticky":false,"template":"","format":"standard","meta":{"colormag_page_container_layout":"default_layout","colormag_page_sidebar_layout":"default_layout","_jetpack_memberships_contains_paid_content":false,"footnotes":"","jetpack_publicize_message":"","jetpack_publicize_feature_enabled":true,"jetpack_social_post_already_shared":true,"jetpack_social_options":{"image_generator_settings":{"template":"highway","default_image_id":0,"font":"","enabled":false},"version":2}},"categories":[1947],"tags":[],"class_list":["post-50728","post","type-post","status-publish","format-standard","has-post-thumbnail","hentry","category-economia"],"jetpack_publicize_connections":[],"jetpack_featured_media_url":"https:\/\/noticiasveracruz.com\/wp-content\/uploads\/2025\/02\/FED.jpg","jetpack_sharing_enabled":true,"publishpress_future_action":{"enabled":false,"date":"2026-05-08 12:57:42","action":"change-status","newStatus":"draft","terms":[],"taxonomy":"category","extraData":[]},"publishpress_future_workflow_manual_trigger":{"enabledWorkflows":[]},"_links":{"self":[{"href":"https:\/\/noticiasveracruz.com\/index.php\/wp-json\/wp\/v2\/posts\/50728","targetHints":{"allow":["GET"]}}],"collection":[{"href":"https:\/\/noticiasveracruz.com\/index.php\/wp-json\/wp\/v2\/posts"}],"about":[{"href":"https:\/\/noticiasveracruz.com\/index.php\/wp-json\/wp\/v2\/types\/post"}],"author":[{"embeddable":true,"href":"https:\/\/noticiasveracruz.com\/index.php\/wp-json\/wp\/v2\/users\/4"}],"replies":[{"embeddable":true,"href":"https:\/\/noticiasveracruz.com\/index.php\/wp-json\/wp\/v2\/comments?post=50728"}],"version-history":[{"count":0,"href":"https:\/\/noticiasveracruz.com\/index.php\/wp-json\/wp\/v2\/posts\/50728\/revisions"}],"wp:featuredmedia":[{"embeddable":true,"href":"https:\/\/noticiasveracruz.com\/index.php\/wp-json\/wp\/v2\/media\/50729"}],"wp:attachment":[{"href":"https:\/\/noticiasveracruz.com\/index.php\/wp-json\/wp\/v2\/media?parent=50728"}],"wp:term":[{"taxonomy":"category","embeddable":true,"href":"https:\/\/noticiasveracruz.com\/index.php\/wp-json\/wp\/v2\/categories?post=50728"},{"taxonomy":"post_tag","embeddable":true,"href":"https:\/\/noticiasveracruz.com\/index.php\/wp-json\/wp\/v2\/tags?post=50728"}],"curies":[{"name":"wp","href":"https:\/\/api.w.org\/{rel}","templated":true}]}}