{"id":50725,"date":"2025-02-20T00:09:41","date_gmt":"2025-02-20T06:09:41","guid":{"rendered":"https:\/\/noticiasveracruz.com\/?p=50725"},"modified":"2025-02-19T20:19:26","modified_gmt":"2025-02-20T02:19:26","slug":"arrastra-mexico-deuda-de-1-billon-2-mil-mdp-para-2025-por-crisis-del-94","status":"publish","type":"post","link":"https:\/\/noticiasveracruz.com\/index.php\/2025\/02\/20\/arrastra-mexico-deuda-de-1-billon-2-mil-mdp-para-2025-por-crisis-del-94\/","title":{"rendered":"Arrastra M\u00e9xico deuda de 1 bill\u00f3n 2 mil mdp para 2025 por crisis del 94"},"content":{"rendered":"<p dir=\"ltr\">M\u00e9xico arrastra una deuda de 1 bill\u00f3n 2 mil millones de pesos para el 2025 derivada de la decisi\u00f3n del presidente Ernesto Zedillo de convertir la deuda privada en p\u00fablica, lo cual cada a\u00f1o impacta las finanzas p\u00fablicas, destac\u00f3 Alfonso Ram\u00edrez Cu\u00e9llar, diputado federal de Morena.<\/p>\n<p dir=\"ltr\">\u201cHemos pagado aproximadamente 1 bill\u00f3n 300 mil millones de pesos, nos queda un saldo para 2025 de aproximadamente 1 bill\u00f3n 2 mil 517.9 millones de pesos\u201d, coment\u00f3 al participar en la primera sesi\u00f3n del Seminario \u00ab30 a\u00f1os de la crisis financiera de 1994-1995\u00bb, organizado por el Centro de Estudios Espinosa Yglesias (CEEY).<\/p>\n<p dir=\"ltr\">\u201cEl grave problema es esta crisis de las finanzas p\u00fablicas, que todos los a\u00f1os tenemos que estar pagando; ya hemos pagado 1 bill\u00f3n 300 mil millones de pesos, nos falta cubrir otro bill\u00f3n y poco m\u00e1s de pesos en los pr\u00f3ximos a\u00f1os. Es una sangr\u00eda y un golpe financiero para la estabilidad y la econom\u00eda y sobre todo para la estabilidad de las finanzas p\u00fablicas\u201d, declar\u00f3 Ram\u00edrez Cu\u00e9llar.<\/p>\n<p dir=\"ltr\">Durante su presentaci\u00f3n, record\u00f3 que en su mandato, el presidente Ernesto Zedillo present\u00f3 una iniciativa para enfrentar la crisis financiera y particularmente la bancaria, que ten\u00eda en un art\u00edculo transitorio que implicaba la creaci\u00f3n de un organismo sustituto del Fobaproa, que actualmente es el Instituto para la Protecci\u00f3n al Ahorro Bancario (IPAB).<\/p>\n<p dir=\"ltr\">\u201cAh\u00ed dec\u00eda: \u2018Las obligaciones establecidas de los pagar\u00e9s se computar\u00e1n como deuda p\u00fablica y el saldo es de 552 mil millones de pesos\u2019. Eso fue el detonante de una gran discusi\u00f3n nacional porque las deudas privadas se convert\u00edan en p\u00fablicas\u201d, expuso el diputado.<\/p>\n<p dir=\"ltr\">Agreg\u00f3 que el 12 de diciembre de 1998, los legisladores del PRI junto con el PAN decidieron que s\u00ed era correcto y s\u00ed era adecuado convertir en deuda p\u00fablica esos 500 mil millones de pesos que estaban en los pagar\u00e9s del Fobaproa.<\/p>\n<p dir=\"ltr\">\u201cCuando nosotros estamos discutiendo el presupuesto y en el Ramo 34, erogaciones para los programas de apoyo a deudores y ahorradores, vienen cifras muy distinguidas porque superan los 20 mil, los 30 mil millones de pesos, con los que tenemos que servir este acontecimiento de 1994 que conocemos como el error de diciembre\u201d, expres\u00f3<\/p>\n<p dir=\"ltr\">En este sentido, Gerardo Esquivel, acad\u00e9mico del Colegio de M\u00e9xico y ex subgobernador del Banco de M\u00e9xico, destac\u00f3 que la crisis 94-95 no se origin\u00f3 de un \u00fanico \u201cerror de diciembre\u201d,\u00a0 sino de una sucesi\u00f3n de factores que fueron predominantemente econ\u00f3micos.<\/p>\n<p dir=\"ltr\">\u201cTuvo que ver con el alza de tasas de inter\u00e9s de Estados Unidos, el asesinato de Luis Donaldo Colosio (cuando era candidato a la presidencia del pa\u00eds), y las decisiones econ\u00f3micas que se tomaron, incluyendo el intento por evitar la devaluaci\u00f3n en el contexto electoral, ofreciendo los tesobonos\u201d, mencion\u00f3.<\/p>\n<p dir=\"ltr\">Estos instrumentos financieros eran muy rentables y se tuvieron que emitir a tal grado y magnitud que terminaron por colapsar a las reservas internacionales del pa\u00eds en t\u00e9rminos netos, ya que no iba a alcanzar para pagar a quienes invirtieron en ellos.<\/p>\n<p dir=\"ltr\">\u201cPor eso la crisis y por eso el rescate que tuvo que tener el pa\u00eds a principios del 95, que no fue mayor porque hubo una decisi\u00f3n del Fondo Monetario Internacional y del gobierno de Estados Unidos de rescatar a M\u00e9xico y evitar una segunda moratoria, que hubiera sido catastr\u00f2fica, a\u00fan m\u00e1s de lo que ya fue la crisis para M\u00e9xico\u201d, asegur\u00f3.<\/p>\n","protected":false},"excerpt":{"rendered":"<p>M\u00e9xico arrastra una deuda de 1 bill\u00f3n 2 mil millones de pesos para el 2025 derivada de la decisi\u00f3n del<\/p>\n","protected":false},"author":4,"featured_media":50726,"comment_status":"closed","ping_status":"closed","sticky":false,"template":"","format":"standard","meta":{"colormag_page_container_layout":"default_layout","colormag_page_sidebar_layout":"default_layout","_jetpack_memberships_contains_paid_content":false,"footnotes":"","jetpack_publicize_message":"","jetpack_publicize_feature_enabled":true,"jetpack_social_post_already_shared":true,"jetpack_social_options":{"image_generator_settings":{"template":"highway","default_image_id":0,"font":"","enabled":false},"version":2}},"categories":[1947],"tags":[],"class_list":["post-50725","post","type-post","status-publish","format-standard","has-post-thumbnail","hentry","category-economia"],"jetpack_publicize_connections":[],"jetpack_featured_media_url":"https:\/\/noticiasveracruz.com\/wp-content\/uploads\/2025\/02\/DE.jpg","jetpack_sharing_enabled":true,"publishpress_future_action":{"enabled":false,"date":"2026-05-08 12:54:25","action":"change-status","newStatus":"draft","terms":[],"taxonomy":"category","extraData":[]},"publishpress_future_workflow_manual_trigger":{"enabledWorkflows":[]},"_links":{"self":[{"href":"https:\/\/noticiasveracruz.com\/index.php\/wp-json\/wp\/v2\/posts\/50725","targetHints":{"allow":["GET"]}}],"collection":[{"href":"https:\/\/noticiasveracruz.com\/index.php\/wp-json\/wp\/v2\/posts"}],"about":[{"href":"https:\/\/noticiasveracruz.com\/index.php\/wp-json\/wp\/v2\/types\/post"}],"author":[{"embeddable":true,"href":"https:\/\/noticiasveracruz.com\/index.php\/wp-json\/wp\/v2\/users\/4"}],"replies":[{"embeddable":true,"href":"https:\/\/noticiasveracruz.com\/index.php\/wp-json\/wp\/v2\/comments?post=50725"}],"version-history":[{"count":0,"href":"https:\/\/noticiasveracruz.com\/index.php\/wp-json\/wp\/v2\/posts\/50725\/revisions"}],"wp:featuredmedia":[{"embeddable":true,"href":"https:\/\/noticiasveracruz.com\/index.php\/wp-json\/wp\/v2\/media\/50726"}],"wp:attachment":[{"href":"https:\/\/noticiasveracruz.com\/index.php\/wp-json\/wp\/v2\/media?parent=50725"}],"wp:term":[{"taxonomy":"category","embeddable":true,"href":"https:\/\/noticiasveracruz.com\/index.php\/wp-json\/wp\/v2\/categories?post=50725"},{"taxonomy":"post_tag","embeddable":true,"href":"https:\/\/noticiasveracruz.com\/index.php\/wp-json\/wp\/v2\/tags?post=50725"}],"curies":[{"name":"wp","href":"https:\/\/api.w.org\/{rel}","templated":true}]}}