{"id":50701,"date":"2025-02-20T00:01:17","date_gmt":"2025-02-20T06:01:17","guid":{"rendered":"https:\/\/noticiasveracruz.com\/?p=50701"},"modified":"2025-02-19T19:22:16","modified_gmt":"2025-02-20T01:22:16","slug":"instalan-comision-mixta-de-capacitacion-en-el-ss","status":"publish","type":"post","link":"https:\/\/noticiasveracruz.com\/index.php\/2025\/02\/20\/instalan-comision-mixta-de-capacitacion-en-el-ss\/","title":{"rendered":"Instalan Comisi\u00f3n Mixta de Capacitaci\u00f3n en el SS"},"content":{"rendered":"<p>Con la integraci\u00f3n de la Comisi\u00f3n Central Mixta de Capacitaci\u00f3n, la Secretar\u00eda de Salud reafirma el compromiso de promover, evaluar y garantizar el cumplimiento de los programas de formaci\u00f3n continua del personal.<\/p>\n<p>La conformaci\u00f3n de este \u00f3rgano colegiado, en el que participan 22 representaciones institucionales y 22 sindicales con perfiles multidisciplinarios, garantizar\u00e1 que los trabajadores reciban las actualizaciones necesarias para fortalecer sus capacidades y derechos laborales, y as\u00ed ofrecer servicios de salud con altos est\u00e1ndares de calidad.<\/p>\n<p>Durante la instalaci\u00f3n de la Comisi\u00f3n, el titular de la dependencia, Valent\u00edn Herrera Alarc\u00f3n, exhort\u00f3 a las autoridades y a los representantes gremiales a trabajar unidos a fin de reforzar la capacitaci\u00f3n de quienes brindan atenci\u00f3n m\u00e9dica a m\u00e1s de ocho millones de veracruzanos.<\/p>\n<p>Indic\u00f3 que una colaboraci\u00f3n estrecha permitir\u00e1 concretar los planes institucionales para contar con una fuerza laboral preparada en todas las \u00e1reas de la Secretar\u00eda.<\/p>\n","protected":false},"excerpt":{"rendered":"<p>Con la integraci\u00f3n de la Comisi\u00f3n Central Mixta de Capacitaci\u00f3n, la Secretar\u00eda de Salud reafirma el compromiso de promover, evaluar<\/p>\n","protected":false},"author":4,"featured_media":50702,"comment_status":"closed","ping_status":"closed","sticky":false,"template":"","format":"standard","meta":{"colormag_page_container_layout":"default_layout","colormag_page_sidebar_layout":"default_layout","_jetpack_memberships_contains_paid_content":false,"footnotes":"","jetpack_publicize_message":"","jetpack_publicize_feature_enabled":true,"jetpack_social_post_already_shared":true,"jetpack_social_options":{"image_generator_settings":{"template":"highway","default_image_id":0,"font":"","enabled":false},"version":2}},"categories":[356],"tags":[],"class_list":["post-50701","post","type-post","status-publish","format-standard","has-post-thumbnail","hentry","category-veracruz"],"jetpack_publicize_connections":[],"jetpack_featured_media_url":"https:\/\/noticiasveracruz.com\/wp-content\/uploads\/2025\/02\/9c1.jpg","jetpack_sharing_enabled":true,"publishpress_future_action":{"enabled":false,"date":"2026-05-10 02:30:32","action":"change-status","newStatus":"draft","terms":[],"taxonomy":"category","extraData":[]},"publishpress_future_workflow_manual_trigger":{"enabledWorkflows":[]},"_links":{"self":[{"href":"https:\/\/noticiasveracruz.com\/index.php\/wp-json\/wp\/v2\/posts\/50701","targetHints":{"allow":["GET"]}}],"collection":[{"href":"https:\/\/noticiasveracruz.com\/index.php\/wp-json\/wp\/v2\/posts"}],"about":[{"href":"https:\/\/noticiasveracruz.com\/index.php\/wp-json\/wp\/v2\/types\/post"}],"author":[{"embeddable":true,"href":"https:\/\/noticiasveracruz.com\/index.php\/wp-json\/wp\/v2\/users\/4"}],"replies":[{"embeddable":true,"href":"https:\/\/noticiasveracruz.com\/index.php\/wp-json\/wp\/v2\/comments?post=50701"}],"version-history":[{"count":0,"href":"https:\/\/noticiasveracruz.com\/index.php\/wp-json\/wp\/v2\/posts\/50701\/revisions"}],"wp:featuredmedia":[{"embeddable":true,"href":"https:\/\/noticiasveracruz.com\/index.php\/wp-json\/wp\/v2\/media\/50702"}],"wp:attachment":[{"href":"https:\/\/noticiasveracruz.com\/index.php\/wp-json\/wp\/v2\/media?parent=50701"}],"wp:term":[{"taxonomy":"category","embeddable":true,"href":"https:\/\/noticiasveracruz.com\/index.php\/wp-json\/wp\/v2\/categories?post=50701"},{"taxonomy":"post_tag","embeddable":true,"href":"https:\/\/noticiasveracruz.com\/index.php\/wp-json\/wp\/v2\/tags?post=50701"}],"curies":[{"name":"wp","href":"https:\/\/api.w.org\/{rel}","templated":true}]}}