{"id":50694,"date":"2025-02-19T19:08:32","date_gmt":"2025-02-20T01:08:32","guid":{"rendered":"https:\/\/noticiasveracruz.com\/?p=50694"},"modified":"2025-02-19T19:08:32","modified_gmt":"2025-02-20T01:08:32","slug":"gobierno-de-tuxpan-exhorta-a-la-poblacion-tomar-precauciones-por-la-proximidad-del-frente-frio-28","status":"publish","type":"post","link":"https:\/\/noticiasveracruz.com\/index.php\/2025\/02\/19\/gobierno-de-tuxpan-exhorta-a-la-poblacion-tomar-precauciones-por-la-proximidad-del-frente-frio-28\/","title":{"rendered":"Gobierno de Tuxpan exhorta a la poblaci\u00f3n tomar precauciones por la proximidad del Frente Fr\u00edo 28"},"content":{"rendered":"<p>Tuxpan, Ver., 19 de febrero de 2025. &#8211; El Gobierno de Tuxpan recomienda a la poblaci\u00f3n tomar precauciones por la llegada del Frente Fr\u00edo 28, que ya se encuentra muy pr\u00f3ximo a este municipio.<\/p>\n<p>Desde ayer Tuxpan ha dado seguimiento a este sistema frontal, y por recomendaci\u00f3n de la Secretar\u00eda de Protecci\u00f3n Civil del Gobierno del Estado se mantiene en Alerta Gris en Fase de Acci\u00f3n.<\/p>\n<p>Se exhorta a la ciudadan\u00eda tomar medidas preventivas ante \u201cNorte\u201d fuerte con rachas violentas, lluvias y tormentas fuertes, oleaje elevado y ambiente fr\u00edo.<\/p>\n<p><img loading=\"lazy\" decoding=\"async\" class=\"alignnone size-medium wp-image-50695\" src=\"http:\/\/noticiasveracruz.com\/wp-content\/uploads\/2025\/02\/WhatsApp-Image-2025-02-19-at-11.21.50-300x257.jpeg\" alt=\"\" width=\"300\" height=\"257\" srcset=\"https:\/\/noticiasveracruz.com\/wp-content\/uploads\/2025\/02\/WhatsApp-Image-2025-02-19-at-11.21.50-300x257.jpeg 300w, https:\/\/noticiasveracruz.com\/wp-content\/uploads\/2025\/02\/WhatsApp-Image-2025-02-19-at-11.21.50-1024x876.jpeg 1024w, https:\/\/noticiasveracruz.com\/wp-content\/uploads\/2025\/02\/WhatsApp-Image-2025-02-19-at-11.21.50-768x657.jpeg 768w, https:\/\/noticiasveracruz.com\/wp-content\/uploads\/2025\/02\/WhatsApp-Image-2025-02-19-at-11.21.50.jpeg 1137w\" sizes=\"auto, (max-width: 300px) 100vw, 300px\" \/><\/p>\n","protected":false},"excerpt":{"rendered":"<p>Tuxpan, Ver., 19 de febrero de 2025. &#8211; El Gobierno de Tuxpan recomienda a la poblaci\u00f3n tomar precauciones por la<\/p>\n","protected":false},"author":4,"featured_media":50695,"comment_status":"closed","ping_status":"closed","sticky":false,"template":"","format":"standard","meta":{"colormag_page_container_layout":"default_layout","colormag_page_sidebar_layout":"default_layout","_jetpack_memberships_contains_paid_content":false,"footnotes":"","jetpack_publicize_message":"","jetpack_publicize_feature_enabled":true,"jetpack_social_post_already_shared":true,"jetpack_social_options":{"image_generator_settings":{"template":"highway","default_image_id":0,"font":"","enabled":false},"version":2}},"categories":[3372,356],"tags":[],"class_list":["post-50694","post","type-post","status-publish","format-standard","has-post-thumbnail","hentry","category-gobierno-tuxpan","category-veracruz"],"jetpack_publicize_connections":[],"jetpack_featured_media_url":"https:\/\/noticiasveracruz.com\/wp-content\/uploads\/2025\/02\/WhatsApp-Image-2025-02-19-at-11.21.50.jpeg","jetpack_sharing_enabled":true,"publishpress_future_action":{"enabled":false,"date":"2026-05-08 05:02:45","action":"change-status","newStatus":"draft","terms":[],"taxonomy":"category","extraData":[]},"publishpress_future_workflow_manual_trigger":{"enabledWorkflows":[]},"_links":{"self":[{"href":"https:\/\/noticiasveracruz.com\/index.php\/wp-json\/wp\/v2\/posts\/50694","targetHints":{"allow":["GET"]}}],"collection":[{"href":"https:\/\/noticiasveracruz.com\/index.php\/wp-json\/wp\/v2\/posts"}],"about":[{"href":"https:\/\/noticiasveracruz.com\/index.php\/wp-json\/wp\/v2\/types\/post"}],"author":[{"embeddable":true,"href":"https:\/\/noticiasveracruz.com\/index.php\/wp-json\/wp\/v2\/users\/4"}],"replies":[{"embeddable":true,"href":"https:\/\/noticiasveracruz.com\/index.php\/wp-json\/wp\/v2\/comments?post=50694"}],"version-history":[{"count":0,"href":"https:\/\/noticiasveracruz.com\/index.php\/wp-json\/wp\/v2\/posts\/50694\/revisions"}],"wp:featuredmedia":[{"embeddable":true,"href":"https:\/\/noticiasveracruz.com\/index.php\/wp-json\/wp\/v2\/media\/50695"}],"wp:attachment":[{"href":"https:\/\/noticiasveracruz.com\/index.php\/wp-json\/wp\/v2\/media?parent=50694"}],"wp:term":[{"taxonomy":"category","embeddable":true,"href":"https:\/\/noticiasveracruz.com\/index.php\/wp-json\/wp\/v2\/categories?post=50694"},{"taxonomy":"post_tag","embeddable":true,"href":"https:\/\/noticiasveracruz.com\/index.php\/wp-json\/wp\/v2\/tags?post=50694"}],"curies":[{"name":"wp","href":"https:\/\/api.w.org\/{rel}","templated":true}]}}