{"id":50690,"date":"2025-02-19T00:24:06","date_gmt":"2025-02-19T06:24:06","guid":{"rendered":"https:\/\/noticiasveracruz.com\/?p=50690"},"modified":"2025-02-18T22:57:43","modified_gmt":"2025-02-19T04:57:43","slug":"presidenta-detiene-las-campanitas-de-reporteros","status":"publish","type":"post","link":"https:\/\/noticiasveracruz.com\/index.php\/2025\/02\/19\/presidenta-detiene-las-campanitas-de-reporteros\/","title":{"rendered":"Presidenta detiene las \u201ccampa\u00f1itas\u201d de reporteros"},"content":{"rendered":"<p><span style=\"font-size: 14pt;\"><strong>ALMA GRANDE<\/strong><\/span><\/p>\n<p><span style=\"font-size: 14pt;\"><strong>Por \u00c1ngel \u00c1lvaro Pe\u00f1a<\/strong><\/span><\/p>\n<p><span style=\"font-size: 14pt;\">La oposici\u00f3n encontr\u00f3 en los reporteros de algunos medios una trinchera, y a partir de esa guerra no declarada pero real, los comunicadores aprovechan el uso de la palabra en las conferencias matutinas para atacar al gobierno con preguntas que a nadie interesan.<\/span><\/p>\n<p><span style=\"font-size: 14pt;\">El contenido de las preguntas exige una informaci\u00f3n a la sociedad, pero su intenci\u00f3n no es la de informar sino la de hacer da\u00f1o y esto salta a la vista.<\/span><\/p>\n<p><span style=\"font-size: 14pt;\">Los medios tienen dos formas de agredir a la Presidenta, la primera es esa, con preguntas con temas que a ning\u00fan medio de informaci\u00f3n les interesar\u00eda, por intrascendentes; la segunda, amarrar navajas, creando enemistades inexistentes y enfrentamientos que nunca suceder\u00e1n, porque la experiencia pol\u00edtica de Claudia Sheinbaum es superior.<\/span><\/p>\n<p><span style=\"font-size: 14pt;\">As\u00ed ha elevado la oposici\u00f3n algunas voces que, de no ser porque las mencionan sus voceros, disfrazados de reporteros, no se conocer\u00eda nada. Es decir, algunos medios retoman temas aislados, sin importancia, para que responda la Presidenta y as\u00ed al contestar ella el asunto se vuelve importante y sobre todo popular.<\/span><\/p>\n<p><span style=\"font-size: 14pt;\">As\u00ed se han pasado m\u00e1s de seis a\u00f1os, con el ex presidente Andr\u00e9s Manuel L\u00f3pez Obrador y siguen con la misma estrategia desgastada en espera de alg\u00fan tiempo de represi\u00f3n o exacerban los \u00e1nimos de la Presidenta, no lo han logrado a pesar de su obsesiva persistencia.<\/span><\/p>\n<p><span style=\"font-size: 14pt;\">Los medios que asisten a la ma\u00f1anera trataron de enfrentar a Biden con L\u00f3pez Obrador, y tambi\u00e9n lo quisieron hacer entre la Presidenta y Trump en repetidas ocasiones. Ahora, vuelven a la carga con el objetivo de que M\u00e9xico demande a la empresa Google, por haber nombrado al Golfo de M\u00e9xico como Golfo de Am\u00e9rica, en sus espacios.<\/span><\/p>\n<p><span style=\"font-size: 14pt;\">Con la intenci\u00f3n de que, entre esa empresa privada, situada en el Silicon Valley de California, entre en conflicto con el gobierno mexicano, para desgastarlo, y que la opci\u00f3n no puede, por si misma, golpear fuerte, debe triangular la violencia con los medios convencionales para agredir.<\/span><\/p>\n<p><span style=\"font-size: 14pt;\">As\u00ed, con la ecuanimidad que caracteriza a la Presidenta se respondi\u00f3 lo que todos sab\u00edamos, \u201cVamos a esperar la respuesta de Google y si insiste en seguir renombrando el Golfo de M\u00e9xico por Golfo de Am\u00e9rica,\u00a0vamos a demandarlos civilmente<strong>\u201d.<\/strong><\/span><\/p>\n<p><span style=\"font-size: 14pt;\">Argumento que un privado\u00a0no puede renombrar nuestro territorio\u00a0con otro nombre es un asunto de soberan\u00eda y reconocimiento de nuestro pa\u00eds.<\/span><\/p>\n<p><span style=\"font-size: 14pt;\">Hay normas internacionales y la Presidenta exigir\u00e1 que se respeten. Lo mismo trataron de hacer con las supuestas denuncias contra el vecino del norte, que consideraron un hecho por el anuncio de aumento a los aranceles que Trump hab\u00eda difundido. Lo que actualmente existe es la petici\u00f3n de una revisi\u00f3n de las causas del aumento unilateral de aranceles por parte de uno de los socios, en este caso Estados Unidos, ante la Organizaci\u00f3n Mundial de Comercio.<\/span><\/p>\n<p><span style=\"font-size: 14pt;\">Supervisi\u00f3n que los reporteros de los medios afines a la oposici\u00f3n ya hab\u00edan convertido en demanda penal a nivel internacional, fingiendo que desconoc\u00edan el caso.<\/span><\/p>\n<p><span style=\"font-size: 14pt;\">La sensibilidad que existe en este momento en la relaci\u00f3n entre el vecino del norte y M\u00e9xico, muestra que hay quienes quieren les vaya mal al gobierno para mostrar que ten\u00edan raz\u00f3n. Hasta ahorita se han equivocado y s\u00f3lo exhibe su debilidad ante lo que en realidad sucede y su mala intenci\u00f3n frente a lo quieren que suceda. A esta insistencia la Presidenta le denomin\u00f3 \u201ccampa\u00f1itas\u201d de los medios.<\/span><\/p>\n<p><span style=\"font-size: 14pt;\">As\u00ed lo considera la propia Presidenta al decir: \u201cEstamos en el proceso de trabajo con Estados Unidos, hay que ser positivos para que salga bien y que no se implementen los aranceles, respetando los principios de no injerencia, no intervenci\u00f3n o comprometer nuestra soberan\u00eda\u201d.<\/span><\/p>\n<p><span style=\"font-size: 14pt;\">Esa claridad deber\u00eda desarticular muchas preguntas, pero seguramente seguir\u00e1n porque no se trata de informar sino de lastimar.<\/span><\/p>\n<p><span style=\"font-size: 14pt;\"><strong>PEGA Y CORRE.-<\/strong> Las compras de p\u00e1nico en Estados Unidos ante el temor de un aumento significativo de precios a causa de los aranceles que anuncia su Presidente, que empieza a haber desabasto.\u00a0Uno de cada cinco estadunidenses dijo que ha estado comprando a cr\u00e9dito m\u00e1s de lo habitual debido a esa preocupaci\u00f3n\u2026Esta columna se publica los lunes, mi\u00e9rcoles y viernes.<\/span><\/p>\n<p><img loading=\"lazy\" decoding=\"async\" class=\"alignnone wp-image-50684 size-full\" src=\"http:\/\/noticiasveracruz.com\/wp-content\/uploads\/2025\/02\/FIRMA-EDITORIAL-PD-5.jpg\" alt=\"\" width=\"1024\" height=\"125\" srcset=\"https:\/\/noticiasveracruz.com\/wp-content\/uploads\/2025\/02\/FIRMA-EDITORIAL-PD-5.jpg 1024w, https:\/\/noticiasveracruz.com\/wp-content\/uploads\/2025\/02\/FIRMA-EDITORIAL-PD-5-300x37.jpg 300w, https:\/\/noticiasveracruz.com\/wp-content\/uploads\/2025\/02\/FIRMA-EDITORIAL-PD-5-768x94.jpg 768w\" sizes=\"auto, (max-width: 1024px) 100vw, 1024px\" \/><\/p>\n","protected":false},"excerpt":{"rendered":"<p>ALMA GRANDE Por \u00c1ngel \u00c1lvaro Pe\u00f1a La oposici\u00f3n encontr\u00f3 en los reporteros de algunos medios una trinchera, y a partir<\/p>\n","protected":false},"author":4,"featured_media":50691,"comment_status":"closed","ping_status":"closed","sticky":false,"template":"","format":"standard","meta":{"colormag_page_container_layout":"default_layout","colormag_page_sidebar_layout":"default_layout","_jetpack_memberships_contains_paid_content":false,"footnotes":"","jetpack_publicize_message":"","jetpack_publicize_feature_enabled":true,"jetpack_social_post_already_shared":true,"jetpack_social_options":{"image_generator_settings":{"template":"highway","default_image_id":0,"font":"","enabled":false},"version":2}},"categories":[6],"tags":[],"class_list":["post-50690","post","type-post","status-publish","format-standard","has-post-thumbnail","hentry","category-columnistas"],"jetpack_publicize_connections":[],"jetpack_featured_media_url":"https:\/\/noticiasveracruz.com\/wp-content\/uploads\/2025\/02\/BANNER-LOPEZ-DORIGA-DIGITAL-3.jpg","jetpack_sharing_enabled":true,"publishpress_future_action":{"enabled":false,"date":"2026-05-08 05:41:22","action":"change-status","newStatus":"draft","terms":[],"taxonomy":"category","extraData":[]},"publishpress_future_workflow_manual_trigger":{"enabledWorkflows":[]},"_links":{"self":[{"href":"https:\/\/noticiasveracruz.com\/index.php\/wp-json\/wp\/v2\/posts\/50690","targetHints":{"allow":["GET"]}}],"collection":[{"href":"https:\/\/noticiasveracruz.com\/index.php\/wp-json\/wp\/v2\/posts"}],"about":[{"href":"https:\/\/noticiasveracruz.com\/index.php\/wp-json\/wp\/v2\/types\/post"}],"author":[{"embeddable":true,"href":"https:\/\/noticiasveracruz.com\/index.php\/wp-json\/wp\/v2\/users\/4"}],"replies":[{"embeddable":true,"href":"https:\/\/noticiasveracruz.com\/index.php\/wp-json\/wp\/v2\/comments?post=50690"}],"version-history":[{"count":0,"href":"https:\/\/noticiasveracruz.com\/index.php\/wp-json\/wp\/v2\/posts\/50690\/revisions"}],"wp:featuredmedia":[{"embeddable":true,"href":"https:\/\/noticiasveracruz.com\/index.php\/wp-json\/wp\/v2\/media\/50691"}],"wp:attachment":[{"href":"https:\/\/noticiasveracruz.com\/index.php\/wp-json\/wp\/v2\/media?parent=50690"}],"wp:term":[{"taxonomy":"category","embeddable":true,"href":"https:\/\/noticiasveracruz.com\/index.php\/wp-json\/wp\/v2\/categories?post=50690"},{"taxonomy":"post_tag","embeddable":true,"href":"https:\/\/noticiasveracruz.com\/index.php\/wp-json\/wp\/v2\/tags?post=50690"}],"curies":[{"name":"wp","href":"https:\/\/api.w.org\/{rel}","templated":true}]}}