{"id":50683,"date":"2025-02-19T00:21:08","date_gmt":"2025-02-19T06:21:08","guid":{"rendered":"https:\/\/noticiasveracruz.com\/?p=50683"},"modified":"2025-02-18T22:46:26","modified_gmt":"2025-02-19T04:46:26","slug":"academico-de-la-uv-a-candidato","status":"publish","type":"post","link":"https:\/\/noticiasveracruz.com\/index.php\/2025\/02\/19\/academico-de-la-uv-a-candidato\/","title":{"rendered":"Acad\u00e9mico de la UV a Candidato"},"content":{"rendered":"<p style=\"font-weight: 400;\"><strong>Manuel Barrientos Morales quiere ser presidente municipal de Paso de Ovejas<\/strong><\/p>\n<p style=\"font-weight: 400;\"><strong>\u201cAunque uno no se quiera meter en la pol\u00edtica, la pol\u00edtica se mete en nuestra vida diaria\u201d<\/strong><\/p>\n<p style=\"font-weight: 400;\"><strong>Los efectos de la construcci\u00f3n de la f\u00e1brica de cerveza Constelacion<\/strong><\/p>\n<p style=\"font-weight: 400;\"><strong>Por Miguel \u00c1ngel Cristiani G.<\/strong><\/p>\n<p style=\"font-weight: 400;\">T\u00e9cnico Acad\u00e9mico en la Universidad Veracruzana con 27 a\u00f1os de servicio, desde el 2020 es profesor investigador, miembro del Sistema Nacional de Investigadores, egresado de la Facultad de Veterinaria, Manuel Barrientos Morales quiere ser presidente municipal de Paso de Ovejas, ahora busca ser el candidato de la alianza de Morena y el Verde Ecologista.<\/p>\n<p style=\"font-weight: 400;\">En una amena pl\u00e1tica con el grupo de periodistas del G 10 en Xalapa, Barrientos Morales nos comenta: \u201cLa pol\u00edtica siempre ha sido parte de mi vida, el que diga que no es pol\u00edtico es que est\u00e1 mal, porque, aunque uno no se quiera meter en la pol\u00edtica, la pol\u00edtica se mete en nuestra vida diaria.\u201d<\/p>\n<p style=\"font-weight: 400;\">\u00bfporqu\u00e9 me da en buscar la alcald\u00eda de mi pueblo? Porque honestamente los perfiles que han circulado en los \u00faltimos 16 a\u00f1os no han sido los m\u00e1s adecuados para el municipio.<\/p>\n<p style=\"font-weight: 400;\">A lo mejor lo m\u00e1s f\u00e1ciles para uno es estar desde la oficina escribiendo art\u00edculos y haciendo por escrito el trabajo, es quejarse a trav\u00e9s de las redes sociales, sin embargo, yo creo que si uno piensa un poquito, deber\u00eda involucrarse en la pol\u00edtica, para que no llegue uno que traiga malas intensiones y venga a echarnos a perder los programas sociales, que son buenos, los que los echamos a perder somos los ciudadanos.<\/p>\n<p style=\"font-weight: 400;\">Considero que puedo hacer bien las cosas, desde un punto de vista muy diferente a lo que hemos vivido en Paso de Ovejas y eso me da el \u00e1nimo de participar. Quiero ser un ejemplo para mi hijo, que est\u00e1 aqu\u00ed presente, de que cuando uno quiere hacer las cosas bien, las puede uno hacer bien y no es nada m\u00e1s quejarse en redes, no hay que ir all\u00e1 donde est\u00e1 el mundo real. Somo muy dados a quejarnos, pero no queremos participar. Esa es una de las razones por las que yo quiero participar, porque creo que podemos hacer las cosas mejor. Hay que buscarla, porque si no lo hacemos nosotros alguien m\u00e1s lo va a hacer y lo va a lograr.<\/p>\n<p style=\"font-weight: 400;\">Por otra parte, coment\u00f3 que Paso de Ovejas se destaca porque la mayor\u00eda del municipio, en la cabecera es donde hay un mayor n\u00famero de habitantes, somos prestadores de servicios, el que no es maestro, es empleado de TAMSA de alguna empresa de Bruno Pagliai, trabaja en el muelle, entonces esa parte es muy importante, porque es proveedor de mano de obra.<\/p>\n<p style=\"font-weight: 400;\">Estamos llamados a convertirnos en una zona conurbada con Veracruz, ah\u00ed pegado con Varga, Paso San Juan que ya son comunidades de Veracruz, yo creo que en diez a\u00f1os va a pasar el fen\u00f3meno que tuvo Emiliano Zapata aqu\u00ed, que va a pasar de ser un municipio bastante aislado ya se convirti\u00f3 en un municipio bastante importante, con la incorporaci\u00f3n de Las Trancas y toda esa zona de ac\u00e1.<\/p>\n<p style=\"font-weight: 400;\">Bueno, Paso de Ovejas es el principal proveedor de ca\u00f1a de az\u00facar del ingenio El Modelo y La Gloria.<\/p>\n<p style=\"font-weight: 400;\">A Paso de Ovejas lo podemos dividir en dos grandes zonas, la parte baja y la parte alta, aparentemente en la zona baja est\u00e1 resuelto el problema con la industria de la ca\u00f1a y en la parte alta tenemos un problema de desabastecimiento de agua.<\/p>\n<p style=\"font-weight: 400;\">La ganader\u00eda que hay en Paso de Ovejas desafortunadamente es una ganader\u00eda de subsistencia, es una ganader\u00eda que la tengo ah\u00ed, pero no resuelve mis problemas cotidianos, tengo cinco o seis vacas que sirven como alcanc\u00eda, el d\u00eda que me aprieta el cintur\u00f3n vendo una o dos y son muy pocos los ganaderos que viven al 100 de la ganader\u00eda. En las dos zonas hay excelentes puntos de oportunidad.<\/p>\n<p style=\"font-weight: 400;\">Lo que si preocupa es que lo que siembran en la zona alta sean monocultivos, estamos en el a\u00f1o 2025 y el sector agropecuario, de gran parte del estado, no solo de Paso de Ovejas, depende de un solo cultivo por a\u00f1o, cuando la gente tiene necesidades todo el a\u00f1o.<\/p>\n<p style=\"font-weight: 400;\">Con la construcci\u00f3n en el municipio de Paso de Ovejas de la f\u00e1brica de cerveza Constelation Brand hay un punto bastante interesante porque, sobre todo en la comunidad de Puente Jula que es una comunidad bastante grande, se supone que es la m\u00e1s grande despu\u00e9s de la Cabecera, se est\u00e1 convirtiendo en un polo de desarrollo habitacional, si no tomamos las precauciones adecuadas, en cinco a\u00f1os va a tener una demanda excesiva de servicios, drenaje, agua potable, electricidad.<\/p>\n<p style=\"font-weight: 400;\">Entonces hay que aprovechar esa oportunidad de la cervecera para que los trabajadores en vez de quedarse a vivir en el municipio de Veracruz se queden en Paso de Ovejas y de alguna manera pagar sus contribuciones y servicios. Eso ser\u00eda en el corto plazo una fuente interesante de incrementar los ingresos a las arcas municipales.<\/p>\n<p style=\"font-weight: 400;\">Puente Jula tiene unos terre\u00f1os muy planos, como para hacer una buena planeaci\u00f3n urbana y adem\u00e1s tiene las lagunas que pudieran servir como espacio para hacer las plantas de tratamiento.<\/p>\n<p style=\"font-weight: 400;\">En el corto plazo ser\u00eda eso, darle facilidades a la empresa constructora de casas de inter\u00e9s social de que vinieran a construir los lugares que van a requerir los trabajadores. Hay agua suficiente, el manto fri\u00e1tico est\u00e1 muy bajo, ah\u00ed en Puente Jula escarbas un metro y ya hay agua, por eso se va a hacer la cervecera ah\u00ed, hay mucha agua.<\/p>\n<p style=\"font-weight: 400;\">Mientras tanto hay que esperar que los partidos pol\u00edticos finalmente den a conocer quienes ser\u00e1n sus candidatos a los 212 municipios.<\/p>\n<p style=\"font-weight: 400;\">Para m\u00e1s informaci\u00f3n consulta nuestra p\u00e1gina\u00a0<a href=\"https:\/\/www.xn--bitacoraspolticas-ovb.com\/\" data-saferedirecturl=\"https:\/\/www.google.com\/url?q=https:\/\/www.xn--bitacoraspolticas-ovb.com\/&amp;source=gmail&amp;ust=1740026604976000&amp;usg=AOvVaw1pmuF0bSe0i50PP5ZlMxgu\">https:\/\/www.xn--bitacoraspolticas-ovb.com\/<\/a><\/p>\n<p><img loading=\"lazy\" decoding=\"async\" class=\"alignnone wp-image-50684 size-full\" src=\"http:\/\/noticiasveracruz.com\/wp-content\/uploads\/2025\/02\/FIRMA-EDITORIAL-PD-5.jpg\" alt=\"\" width=\"1024\" height=\"125\" srcset=\"https:\/\/noticiasveracruz.com\/wp-content\/uploads\/2025\/02\/FIRMA-EDITORIAL-PD-5.jpg 1024w, https:\/\/noticiasveracruz.com\/wp-content\/uploads\/2025\/02\/FIRMA-EDITORIAL-PD-5-300x37.jpg 300w, https:\/\/noticiasveracruz.com\/wp-content\/uploads\/2025\/02\/FIRMA-EDITORIAL-PD-5-768x94.jpg 768w\" sizes=\"auto, (max-width: 1024px) 100vw, 1024px\" \/><\/p>\n","protected":false},"excerpt":{"rendered":"<p>Manuel Barrientos Morales quiere ser presidente municipal de Paso de Ovejas \u201cAunque uno no se quiera meter en la pol\u00edtica,<\/p>\n","protected":false},"author":4,"featured_media":29037,"comment_status":"closed","ping_status":"closed","sticky":false,"template":"","format":"standard","meta":{"colormag_page_container_layout":"default_layout","colormag_page_sidebar_layout":"default_layout","_jetpack_memberships_contains_paid_content":false,"footnotes":"","jetpack_publicize_message":"","jetpack_publicize_feature_enabled":true,"jetpack_social_post_already_shared":true,"jetpack_social_options":{"image_generator_settings":{"template":"highway","default_image_id":0,"font":"","enabled":false},"version":2}},"categories":[6],"tags":[],"class_list":["post-50683","post","type-post","status-publish","format-standard","has-post-thumbnail","hentry","category-columnistas"],"jetpack_publicize_connections":[],"jetpack_featured_media_url":"https:\/\/noticiasveracruz.com\/wp-content\/uploads\/2024\/04\/BANNER-cristiani-NV.jpg","jetpack_sharing_enabled":true,"publishpress_future_action":{"enabled":false,"date":"2026-05-08 09:40:34","action":"change-status","newStatus":"draft","terms":[],"taxonomy":"category","extraData":[]},"publishpress_future_workflow_manual_trigger":{"enabledWorkflows":[]},"_links":{"self":[{"href":"https:\/\/noticiasveracruz.com\/index.php\/wp-json\/wp\/v2\/posts\/50683","targetHints":{"allow":["GET"]}}],"collection":[{"href":"https:\/\/noticiasveracruz.com\/index.php\/wp-json\/wp\/v2\/posts"}],"about":[{"href":"https:\/\/noticiasveracruz.com\/index.php\/wp-json\/wp\/v2\/types\/post"}],"author":[{"embeddable":true,"href":"https:\/\/noticiasveracruz.com\/index.php\/wp-json\/wp\/v2\/users\/4"}],"replies":[{"embeddable":true,"href":"https:\/\/noticiasveracruz.com\/index.php\/wp-json\/wp\/v2\/comments?post=50683"}],"version-history":[{"count":0,"href":"https:\/\/noticiasveracruz.com\/index.php\/wp-json\/wp\/v2\/posts\/50683\/revisions"}],"wp:featuredmedia":[{"embeddable":true,"href":"https:\/\/noticiasveracruz.com\/index.php\/wp-json\/wp\/v2\/media\/29037"}],"wp:attachment":[{"href":"https:\/\/noticiasveracruz.com\/index.php\/wp-json\/wp\/v2\/media?parent=50683"}],"wp:term":[{"taxonomy":"category","embeddable":true,"href":"https:\/\/noticiasveracruz.com\/index.php\/wp-json\/wp\/v2\/categories?post=50683"},{"taxonomy":"post_tag","embeddable":true,"href":"https:\/\/noticiasveracruz.com\/index.php\/wp-json\/wp\/v2\/tags?post=50683"}],"curies":[{"name":"wp","href":"https:\/\/api.w.org\/{rel}","templated":true}]}}