{"id":50677,"date":"2025-02-19T00:19:58","date_gmt":"2025-02-19T06:19:58","guid":{"rendered":"https:\/\/noticiasveracruz.com\/?p=50677"},"modified":"2025-02-19T00:35:09","modified_gmt":"2025-02-19T06:35:09","slug":"gustavo-petro-denuncia-planes-para-atentar-en-su-contra","status":"publish","type":"post","link":"https:\/\/noticiasveracruz.com\/index.php\/2025\/02\/19\/gustavo-petro-denuncia-planes-para-atentar-en-su-contra\/","title":{"rendered":"Gustavo Petro denuncia planes para atentar en su contra"},"content":{"rendered":"<p>El presidente de Colombia, Gustavo Petro, denunci\u00f3 este martes que narcotraficantes han adquirido al menos dos misiles con la aparente intenci\u00f3n de atacar el avi\u00f3n presidencial.<\/p>\n<p>\u201cA m\u00ed me quieren disparar un misil, a mi avi\u00f3n, (es un misil) que se compraron los narcotraficantes y que tienen guardado por ah\u00ed. No uno, sino dos misiles. Sabemos qui\u00e9nes son, pero hay que actuar\u201d, afirm\u00f3 el mandatario durante la ceremonia de transmisi\u00f3n de mando de la Polic\u00eda Nacional al brigadier general, Carlos Fernando Triana, nuevo director de la instituci\u00f3n.<\/p>\n<p>Petro no ofreci\u00f3 detalles sobre la procedencia de los misiles ni la identidad de los responsables, pero amenaz\u00f3 con luchar contra las grandes organizaciones criminales del pa\u00eds.<\/p>\n<p>\u201cMe quieren tumbar r\u00e1pidamente porque saben que estamos tras las grandes mafias de Colombia y eso puede asustar, s\u00ed, claro que asusta\u201d, asegur\u00f3.<\/p>\n<p>En su intervenci\u00f3n, Petro se\u00f1al\u00f3 que el Ej\u00e9rcito de Liberaci\u00f3n Nacional (ELN), con el que el gobierno suspendi\u00f3 los di\u00e1logos de paz en enero por la violencia en la regi\u00f3n del Catatumbo, \u201ces una de las grandes mafias de Colombia\u201d.<\/p>\n","protected":false},"excerpt":{"rendered":"<p>El presidente de Colombia, Gustavo Petro, denunci\u00f3 este martes que narcotraficantes han adquirido al menos dos misiles con la aparente<\/p>\n","protected":false},"author":4,"featured_media":50678,"comment_status":"closed","ping_status":"closed","sticky":false,"template":"","format":"standard","meta":{"colormag_page_container_layout":"default_layout","colormag_page_sidebar_layout":"default_layout","_jetpack_memberships_contains_paid_content":false,"footnotes":"","jetpack_publicize_message":"","jetpack_publicize_feature_enabled":true,"jetpack_social_post_already_shared":true,"jetpack_social_options":{"image_generator_settings":{"template":"highway","default_image_id":0,"font":"","enabled":false},"version":2}},"categories":[355],"tags":[],"class_list":["post-50677","post","type-post","status-publish","format-standard","has-post-thumbnail","hentry","category-internacional"],"jetpack_publicize_connections":[],"jetpack_featured_media_url":"https:\/\/noticiasveracruz.com\/wp-content\/uploads\/2025\/02\/gustavo-petro-presidnete-colombia-narcotraficantes-misiles-atacar-avion-presidencial-tumbar-rapidamente-18022025-700x438-1.jpg","jetpack_sharing_enabled":true,"publishpress_future_action":{"enabled":false,"date":"2026-05-08 10:39:06","action":"change-status","newStatus":"draft","terms":[],"taxonomy":"category","extraData":[]},"publishpress_future_workflow_manual_trigger":{"enabledWorkflows":[]},"_links":{"self":[{"href":"https:\/\/noticiasveracruz.com\/index.php\/wp-json\/wp\/v2\/posts\/50677","targetHints":{"allow":["GET"]}}],"collection":[{"href":"https:\/\/noticiasveracruz.com\/index.php\/wp-json\/wp\/v2\/posts"}],"about":[{"href":"https:\/\/noticiasveracruz.com\/index.php\/wp-json\/wp\/v2\/types\/post"}],"author":[{"embeddable":true,"href":"https:\/\/noticiasveracruz.com\/index.php\/wp-json\/wp\/v2\/users\/4"}],"replies":[{"embeddable":true,"href":"https:\/\/noticiasveracruz.com\/index.php\/wp-json\/wp\/v2\/comments?post=50677"}],"version-history":[{"count":0,"href":"https:\/\/noticiasveracruz.com\/index.php\/wp-json\/wp\/v2\/posts\/50677\/revisions"}],"wp:featuredmedia":[{"embeddable":true,"href":"https:\/\/noticiasveracruz.com\/index.php\/wp-json\/wp\/v2\/media\/50678"}],"wp:attachment":[{"href":"https:\/\/noticiasveracruz.com\/index.php\/wp-json\/wp\/v2\/media?parent=50677"}],"wp:term":[{"taxonomy":"category","embeddable":true,"href":"https:\/\/noticiasveracruz.com\/index.php\/wp-json\/wp\/v2\/categories?post=50677"},{"taxonomy":"post_tag","embeddable":true,"href":"https:\/\/noticiasveracruz.com\/index.php\/wp-json\/wp\/v2\/tags?post=50677"}],"curies":[{"name":"wp","href":"https:\/\/api.w.org\/{rel}","templated":true}]}}