{"id":50674,"date":"2025-02-19T00:18:05","date_gmt":"2025-02-19T06:18:05","guid":{"rendered":"https:\/\/noticiasveracruz.com\/?p=50674"},"modified":"2025-02-18T22:37:48","modified_gmt":"2025-02-19T04:37:48","slug":"presentan-cargos-contra-bolsonaro-por-presunto-plan-golpista-en-2022","status":"publish","type":"post","link":"https:\/\/noticiasveracruz.com\/index.php\/2025\/02\/19\/presentan-cargos-contra-bolsonaro-por-presunto-plan-golpista-en-2022\/","title":{"rendered":"Presentan cargos contra Bolsonaro por presunto plan golpista en 2022"},"content":{"rendered":"<p>El procurador general de Brasil present\u00f3 cargos contra el ex presidente Jair Bolsonaro por intento de golpe de Estado para permanecer en el cargo tras su derrota electoral en 2022.<\/p>\n<p>El procurador general Paulo Gonet alega que Bolsonaro y 33 personas m\u00e1s participaron en un plan para mantenerse en el poder a pesar de haber perdido ante el actual presidente Luiz In\u00e1cio Lula da Silva.<\/p>\n<p>En noviembre pasado, la Polic\u00eda Federal present\u00f3 un informe de 884 p\u00e1ginas ante Gonet en el que detallaba dicho plan. Se alega que \u00e9ste involucraba sembrar desconfianza en el sistema electoral entre la poblaci\u00f3n, redactar un decreto para dar al complot una apariencia de legalidad, presionar a los altos mandos militares para que apoyaran el plan e incitar a un disturbio en la capital.<\/p>\n<p>El Supremo Tribunal Federal analizar\u00e1 los cargos y, si son aceptados, Bolsonaro ser\u00e1 juzgado.<\/p>\n<p>El ex mandatario derechista niega haber cometido delito alguno. \u201cNo tengo preocupaciones sobre las acusaciones, cero\u201d, dijo Bolsonaro a periodistas el martes m\u00e1s temprano durante una visita al Senado en Brasilia.<\/p>\n<p>\u201c\u00bfHan visto el decreto del golpe, por casualidad? No lo han visto. Yo tampoco\u201d, a\u00f1adi\u00f3.<\/p>\n","protected":false},"excerpt":{"rendered":"<p>El procurador general de Brasil present\u00f3 cargos contra el ex presidente Jair Bolsonaro por intento de golpe de Estado para<\/p>\n","protected":false},"author":4,"featured_media":50675,"comment_status":"closed","ping_status":"closed","sticky":false,"template":"","format":"standard","meta":{"colormag_page_container_layout":"default_layout","colormag_page_sidebar_layout":"default_layout","_jetpack_memberships_contains_paid_content":false,"footnotes":"","jetpack_publicize_message":"","jetpack_publicize_feature_enabled":true,"jetpack_social_post_already_shared":true,"jetpack_social_options":{"image_generator_settings":{"template":"highway","default_image_id":0,"font":"","enabled":false},"version":2}},"categories":[355],"tags":[],"class_list":["post-50674","post","type-post","status-publish","format-standard","has-post-thumbnail","hentry","category-internacional"],"jetpack_publicize_connections":[],"jetpack_featured_media_url":"https:\/\/noticiasveracruz.com\/wp-content\/uploads\/2025\/02\/07e92edf-8270-4024-89e8-a0811d8e45f5_w408_r1.jpg","jetpack_sharing_enabled":true,"publishpress_future_action":{"enabled":false,"date":"2026-05-08 11:38:33","action":"change-status","newStatus":"draft","terms":[],"taxonomy":"category","extraData":[]},"publishpress_future_workflow_manual_trigger":{"enabledWorkflows":[]},"_links":{"self":[{"href":"https:\/\/noticiasveracruz.com\/index.php\/wp-json\/wp\/v2\/posts\/50674","targetHints":{"allow":["GET"]}}],"collection":[{"href":"https:\/\/noticiasveracruz.com\/index.php\/wp-json\/wp\/v2\/posts"}],"about":[{"href":"https:\/\/noticiasveracruz.com\/index.php\/wp-json\/wp\/v2\/types\/post"}],"author":[{"embeddable":true,"href":"https:\/\/noticiasveracruz.com\/index.php\/wp-json\/wp\/v2\/users\/4"}],"replies":[{"embeddable":true,"href":"https:\/\/noticiasveracruz.com\/index.php\/wp-json\/wp\/v2\/comments?post=50674"}],"version-history":[{"count":0,"href":"https:\/\/noticiasveracruz.com\/index.php\/wp-json\/wp\/v2\/posts\/50674\/revisions"}],"wp:featuredmedia":[{"embeddable":true,"href":"https:\/\/noticiasveracruz.com\/index.php\/wp-json\/wp\/v2\/media\/50675"}],"wp:attachment":[{"href":"https:\/\/noticiasveracruz.com\/index.php\/wp-json\/wp\/v2\/media?parent=50674"}],"wp:term":[{"taxonomy":"category","embeddable":true,"href":"https:\/\/noticiasveracruz.com\/index.php\/wp-json\/wp\/v2\/categories?post=50674"},{"taxonomy":"post_tag","embeddable":true,"href":"https:\/\/noticiasveracruz.com\/index.php\/wp-json\/wp\/v2\/tags?post=50674"}],"curies":[{"name":"wp","href":"https:\/\/api.w.org\/{rel}","templated":true}]}}