{"id":50671,"date":"2025-02-19T00:17:08","date_gmt":"2025-02-19T06:17:08","guid":{"rendered":"https:\/\/noticiasveracruz.com\/?p=50671"},"modified":"2025-02-19T00:35:15","modified_gmt":"2025-02-19T06:35:15","slug":"trump-mantiene-veto-a-la-agencia-ap-por-no-usar-golfo-de-america","status":"publish","type":"post","link":"https:\/\/noticiasveracruz.com\/index.php\/2025\/02\/19\/trump-mantiene-veto-a-la-agencia-ap-por-no-usar-golfo-de-america\/","title":{"rendered":"Trump mantiene veto a la agencia AP por no usar \u00abGolfo de Am\u00e9rica\u00bb"},"content":{"rendered":"<p>El presidente de Estados Unidos, Donald Trump, justific\u00f3 este martes el veto a la Associated Press (AP) por su negativa a utilizar el t\u00e9rmino \u00abGolfo de Am\u00e9rica\u00bb, acus\u00e1ndola de desafiar su autoridad.<\/p>\n<p>La Casa Blanca prohibi\u00f3 por primera vez a la AP participar en una rueda de prensa el 10 de febrero por negarse a alinearse con esta nueva denominaci\u00f3n, elegida por el presidente republicano por decreto cuando asumi\u00f3 el cargo el 20 de enero.<\/p>\n<p>\u00abLa Associated Press sencillamente se niega a cumplir con lo que dice la ley\u00bb, dijo Trump a los periodistas el martes desde su residencia de Mar a Lago en Florida.<\/p>\n<p>\u00abAhora se llama Golfo de Am\u00e9rica. Ya no se llama Golfo de M\u00e9xico\u00bb, continu\u00f3.<\/p>\n<p>En una nota editorial, AP explic\u00f3 que el decreto que cambia el nombre del Golfo de M\u00e9xico s\u00f3lo tiene autoridad en Estados Unidos, porque M\u00e9xico y otros pa\u00edses y organismos internacionales no lo han reconocido.<\/p>\n<p>Desde entonces, la Casa Blanca ha impedido a los periodistas de AP acceder al Air Force One y al despacho oval, y Trump no ha mostrado intenci\u00f3n de ceder.<\/p>\n<p>\u00abLos vamos a mantener fuera hasta que acepten que es el Golfo de Am\u00e9rica\u00bb, dijo.<\/p>\n<p>Trump suele acusar de parcialidad a los medios de comunicaci\u00f3n tradicionales.<\/p>\n<p>\u00abLa Associated Press, como saben, se ha equivocado much\u00edsimo en lo que respecta a las elecciones, a Trump y al trato que se le ha dado\u00bb, se quej\u00f3.<\/p>\n<p>La Asociaci\u00f3n de Corresponsales de la Casa Blanca ha calificado de \u00abescandalosa\u00bb la exclusi\u00f3n de AP de los actos de Trump.<\/p>\n","protected":false},"excerpt":{"rendered":"<p>El presidente de Estados Unidos, Donald Trump, justific\u00f3 este martes el veto a la Associated Press (AP) por su negativa<\/p>\n","protected":false},"author":4,"featured_media":50672,"comment_status":"closed","ping_status":"closed","sticky":false,"template":"","format":"standard","meta":{"colormag_page_container_layout":"default_layout","colormag_page_sidebar_layout":"default_layout","_jetpack_memberships_contains_paid_content":false,"footnotes":"","jetpack_publicize_message":"","jetpack_publicize_feature_enabled":true,"jetpack_social_post_already_shared":true,"jetpack_social_options":{"image_generator_settings":{"template":"highway","default_image_id":0,"font":"","enabled":false},"version":2}},"categories":[355],"tags":[],"class_list":["post-50671","post","type-post","status-publish","format-standard","has-post-thumbnail","hentry","category-internacional"],"jetpack_publicize_connections":[],"jetpack_featured_media_url":"https:\/\/noticiasveracruz.com\/wp-content\/uploads\/2025\/02\/AP.jpg","jetpack_sharing_enabled":true,"publishpress_future_action":{"enabled":false,"date":"2026-05-08 12:25:15","action":"change-status","newStatus":"draft","terms":[],"taxonomy":"category","extraData":[]},"publishpress_future_workflow_manual_trigger":{"enabledWorkflows":[]},"_links":{"self":[{"href":"https:\/\/noticiasveracruz.com\/index.php\/wp-json\/wp\/v2\/posts\/50671","targetHints":{"allow":["GET"]}}],"collection":[{"href":"https:\/\/noticiasveracruz.com\/index.php\/wp-json\/wp\/v2\/posts"}],"about":[{"href":"https:\/\/noticiasveracruz.com\/index.php\/wp-json\/wp\/v2\/types\/post"}],"author":[{"embeddable":true,"href":"https:\/\/noticiasveracruz.com\/index.php\/wp-json\/wp\/v2\/users\/4"}],"replies":[{"embeddable":true,"href":"https:\/\/noticiasveracruz.com\/index.php\/wp-json\/wp\/v2\/comments?post=50671"}],"version-history":[{"count":0,"href":"https:\/\/noticiasveracruz.com\/index.php\/wp-json\/wp\/v2\/posts\/50671\/revisions"}],"wp:featuredmedia":[{"embeddable":true,"href":"https:\/\/noticiasveracruz.com\/index.php\/wp-json\/wp\/v2\/media\/50672"}],"wp:attachment":[{"href":"https:\/\/noticiasveracruz.com\/index.php\/wp-json\/wp\/v2\/media?parent=50671"}],"wp:term":[{"taxonomy":"category","embeddable":true,"href":"https:\/\/noticiasveracruz.com\/index.php\/wp-json\/wp\/v2\/categories?post=50671"},{"taxonomy":"post_tag","embeddable":true,"href":"https:\/\/noticiasveracruz.com\/index.php\/wp-json\/wp\/v2\/tags?post=50671"}],"curies":[{"name":"wp","href":"https:\/\/api.w.org\/{rel}","templated":true}]}}