{"id":50668,"date":"2025-02-19T00:16:40","date_gmt":"2025-02-19T06:16:40","guid":{"rendered":"https:\/\/noticiasveracruz.com\/?p=50668"},"modified":"2025-02-18T22:33:26","modified_gmt":"2025-02-19T04:33:26","slug":"piden-desaparicion-de-poderes-en-santo-domingo-oaxaca","status":"publish","type":"post","link":"https:\/\/noticiasveracruz.com\/index.php\/2025\/02\/19\/piden-desaparicion-de-poderes-en-santo-domingo-oaxaca\/","title":{"rendered":"Piden desaparici\u00f3n de poderes en Santo Domingo, Oaxaca"},"content":{"rendered":"<p>Autoridades municipales de San Isidro Platanillo solicitaron la desaparici\u00f3n de poderes en el ayuntamiento de Santo Domingo Petapa, localidad a la que pertenecen, lo anterior \u201cpor incurrir en graves violaciones a los derechos humanos\u201d destacan en un comunicado.<\/p>\n<p>Y es que los habitantes de Platanillo explican, han sido v\u00edctimas de diversas vejaciones por parte de sus autoridades municipales, derivado de ello el pasado 13 de febrero se registr\u00f3 un ataque armado que dej\u00f3 a 3 personas fallecidas, dos de las cuales debieron ser enterradas en Mat\u00edas Romero pues se les impidi\u00f3 el ingreso a la poblaci\u00f3n, misma que permanece sitiada.<\/p>\n<p>Destacaron que pese a los comunicados emitidos por el gobierno estatal en los que afirman atender la situaci\u00f3n, Platanillo a estado incomunicado desde el 12 de febrero pues grupos armados impiden la salida y entrada a la comunidad \u201clo que ha provocado un desabasto de productos alimenticios y medicamentos. Adem\u00e1s, se han suspendido las clases en los cinco centros educativos que existen en la comunidad, ya que los profesores no pueden ingresar\u201d<\/p>\n<p>En el documento firmado por el agente municipal de San Isidro, Leonel Crist\u00f3bal M\u00e1rquez y autoridad auxiliares, se destaca que el conflicto de esta comunidad en contra de su cabecera municipal y dem\u00e1s agencias comenz\u00f3 en enero de 2023, esto ante su negaci\u00f3n a participar en actos violentos en contra de San Juan Mazatl\u00e1n, acci\u00f3n que fue aprobada en una asamblea comunitaria.<\/p>\n<p>A partir de ese momento comenzaron a ser v\u00edctimas de hostigamiento y acoso, no s\u00f3lo por la cabecera, sino de sus agencias y de un grupo disidente de la asamblea de Platanillo conocido como\u00a0<em>Los 33<\/em>\u00a0quienes portan armas, amedrentan y amenazas.<\/p>\n<p>Por estas situaciones, han solicitado que el Congreso del estado tramite la desaparici\u00f3n de poderes en Santo Domingo Petapa; adem\u00e1s que se instale un destacamento de la Guardia Nacional en la localidad; que la Fiscal\u00eda General de la Rep\u00fablica atraiga las investigaciones por el triple homicidio y se castigue a los responsables, entre otros.<\/p>\n","protected":false},"excerpt":{"rendered":"<p>Autoridades municipales de San Isidro Platanillo solicitaron la desaparici\u00f3n de poderes en el ayuntamiento de Santo Domingo Petapa, localidad a<\/p>\n","protected":false},"author":4,"featured_media":50669,"comment_status":"closed","ping_status":"closed","sticky":false,"template":"","format":"standard","meta":{"colormag_page_container_layout":"default_layout","colormag_page_sidebar_layout":"default_layout","_jetpack_memberships_contains_paid_content":false,"footnotes":"","jetpack_publicize_message":"","jetpack_publicize_feature_enabled":true,"jetpack_social_post_already_shared":true,"jetpack_social_options":{"image_generator_settings":{"template":"highway","default_image_id":0,"font":"","enabled":false},"version":2}},"categories":[145],"tags":[],"class_list":["post-50668","post","type-post","status-publish","format-standard","has-post-thumbnail","hentry","category-estados"],"jetpack_publicize_connections":[],"jetpack_featured_media_url":"https:\/\/noticiasveracruz.com\/wp-content\/uploads\/2025\/02\/OAXACA-2-700x375-1.jpg","jetpack_sharing_enabled":true,"publishpress_future_action":{"enabled":false,"date":"2026-05-08 13:20:51","action":"change-status","newStatus":"draft","terms":[],"taxonomy":"category","extraData":[]},"publishpress_future_workflow_manual_trigger":{"enabledWorkflows":[]},"_links":{"self":[{"href":"https:\/\/noticiasveracruz.com\/index.php\/wp-json\/wp\/v2\/posts\/50668","targetHints":{"allow":["GET"]}}],"collection":[{"href":"https:\/\/noticiasveracruz.com\/index.php\/wp-json\/wp\/v2\/posts"}],"about":[{"href":"https:\/\/noticiasveracruz.com\/index.php\/wp-json\/wp\/v2\/types\/post"}],"author":[{"embeddable":true,"href":"https:\/\/noticiasveracruz.com\/index.php\/wp-json\/wp\/v2\/users\/4"}],"replies":[{"embeddable":true,"href":"https:\/\/noticiasveracruz.com\/index.php\/wp-json\/wp\/v2\/comments?post=50668"}],"version-history":[{"count":0,"href":"https:\/\/noticiasveracruz.com\/index.php\/wp-json\/wp\/v2\/posts\/50668\/revisions"}],"wp:featuredmedia":[{"embeddable":true,"href":"https:\/\/noticiasveracruz.com\/index.php\/wp-json\/wp\/v2\/media\/50669"}],"wp:attachment":[{"href":"https:\/\/noticiasveracruz.com\/index.php\/wp-json\/wp\/v2\/media?parent=50668"}],"wp:term":[{"taxonomy":"category","embeddable":true,"href":"https:\/\/noticiasveracruz.com\/index.php\/wp-json\/wp\/v2\/categories?post=50668"},{"taxonomy":"post_tag","embeddable":true,"href":"https:\/\/noticiasveracruz.com\/index.php\/wp-json\/wp\/v2\/tags?post=50668"}],"curies":[{"name":"wp","href":"https:\/\/api.w.org\/{rel}","templated":true}]}}