{"id":50659,"date":"2025-02-19T00:13:46","date_gmt":"2025-02-19T06:13:46","guid":{"rendered":"https:\/\/noticiasveracruz.com\/?p=50659"},"modified":"2025-02-18T22:27:38","modified_gmt":"2025-02-19T04:27:38","slug":"denuncian-a-magistrado-que-participo-en-eleccion-judicial-en-aguascalientes","status":"publish","type":"post","link":"https:\/\/noticiasveracruz.com\/index.php\/2025\/02\/19\/denuncian-a-magistrado-que-participo-en-eleccion-judicial-en-aguascalientes\/","title":{"rendered":"Denuncian a magistrado que particip\u00f3 en elecci\u00f3n judicial en Aguascalientes"},"content":{"rendered":"<p>Salvador Hern\u00e1ndez Gallegos, quien hasta agosto pasado fue magistrado del Tribunal Electoral del Estado, fue denunciado ante Fiscal\u00eda Especial de Delitos Electorales local, luego de que se inscribi\u00f3 y pas\u00f3 los filtros para aparecer en la lista de candidatos a magistrados del Supremo Tribunal de Justicia del Estado (STJE), aun cuando en el Art\u00edculo 18 se destaca que no podr\u00e1 participar en un proceso de selecci\u00f3n o designaci\u00f3n si ocup\u00f3 un cargo p\u00fablico de esta magnitud en los dos \u00faltimos a\u00f1os.<\/p>\n<p>La denuncia de hechos fue interpuesta por el abogado constitucionalista Alan Capetillo Salas, quien tambi\u00e9n fungi\u00f3 como aspirante a ese cargo; sin embargo, fue descartado por el Comit\u00e9 de Evaluaci\u00f3n.<\/p>\n<p>La queja fue interpuesta ante el primer Partido Judicial en el municipio de Pabell\u00f3n de Arteaga, y tras breve entrevista, el litigante se\u00f1al\u00f3 que: \u00abLa ley penal proh\u00edbe que siendo ex magistrado electoral, Salvador Hern\u00e1ndez Gallegos sea postulado a cualquier cargo de elecci\u00f3n popular, incluido magistrado del Supremo Tribunal, su postulaci\u00f3n es un delito\u00bb.<\/p>\n<p>Acto seguido a\u00f1adi\u00f3: \u00abQueda, pues, interpuesta formalmente la denuncia penal correspondiente y ahora nos toca ver si la fiscal\u00eda electoral es o no es aut\u00f3noma\u00bb.<\/p>\n<p>Al concluir, entreg\u00f3 una copia de la denuncia con el expediente CI\/PAB\/0025\/02-25 a\u00a0<em>La Jornada.\u00a0<\/em>La elecci\u00f3n para renovar a cinco de once integrantes del STJE se realizar\u00e1 el pr\u00f3ximo 1 de junio.<\/p>\n","protected":false},"excerpt":{"rendered":"<p>Salvador Hern\u00e1ndez Gallegos, quien hasta agosto pasado fue magistrado del Tribunal Electoral del Estado, fue denunciado ante Fiscal\u00eda Especial de<\/p>\n","protected":false},"author":4,"featured_media":50660,"comment_status":"closed","ping_status":"closed","sticky":false,"template":"","format":"standard","meta":{"colormag_page_container_layout":"default_layout","colormag_page_sidebar_layout":"default_layout","_jetpack_memberships_contains_paid_content":false,"footnotes":"","jetpack_publicize_message":"","jetpack_publicize_feature_enabled":true,"jetpack_social_post_already_shared":true,"jetpack_social_options":{"image_generator_settings":{"template":"highway","default_image_id":0,"font":"","enabled":false},"version":2}},"categories":[145],"tags":[],"class_list":["post-50659","post","type-post","status-publish","format-standard","has-post-thumbnail","hentry","category-estados"],"jetpack_publicize_connections":[],"jetpack_featured_media_url":"https:\/\/noticiasveracruz.com\/wp-content\/uploads\/2025\/02\/MAG.jpg","jetpack_sharing_enabled":true,"publishpress_future_action":{"enabled":false,"date":"2026-05-08 13:44:25","action":"change-status","newStatus":"draft","terms":[],"taxonomy":"category","extraData":[]},"publishpress_future_workflow_manual_trigger":{"enabledWorkflows":[]},"_links":{"self":[{"href":"https:\/\/noticiasveracruz.com\/index.php\/wp-json\/wp\/v2\/posts\/50659","targetHints":{"allow":["GET"]}}],"collection":[{"href":"https:\/\/noticiasveracruz.com\/index.php\/wp-json\/wp\/v2\/posts"}],"about":[{"href":"https:\/\/noticiasveracruz.com\/index.php\/wp-json\/wp\/v2\/types\/post"}],"author":[{"embeddable":true,"href":"https:\/\/noticiasveracruz.com\/index.php\/wp-json\/wp\/v2\/users\/4"}],"replies":[{"embeddable":true,"href":"https:\/\/noticiasveracruz.com\/index.php\/wp-json\/wp\/v2\/comments?post=50659"}],"version-history":[{"count":0,"href":"https:\/\/noticiasveracruz.com\/index.php\/wp-json\/wp\/v2\/posts\/50659\/revisions"}],"wp:featuredmedia":[{"embeddable":true,"href":"https:\/\/noticiasveracruz.com\/index.php\/wp-json\/wp\/v2\/media\/50660"}],"wp:attachment":[{"href":"https:\/\/noticiasveracruz.com\/index.php\/wp-json\/wp\/v2\/media?parent=50659"}],"wp:term":[{"taxonomy":"category","embeddable":true,"href":"https:\/\/noticiasveracruz.com\/index.php\/wp-json\/wp\/v2\/categories?post=50659"},{"taxonomy":"post_tag","embeddable":true,"href":"https:\/\/noticiasveracruz.com\/index.php\/wp-json\/wp\/v2\/tags?post=50659"}],"curies":[{"name":"wp","href":"https:\/\/api.w.org\/{rel}","templated":true}]}}