{"id":50626,"date":"2025-02-19T00:02:46","date_gmt":"2025-02-19T06:02:46","guid":{"rendered":"https:\/\/noticiasveracruz.com\/?p=50626"},"modified":"2025-02-18T21:05:32","modified_gmt":"2025-02-19T03:05:32","slug":"veracruz-es-la-corona-del-golfo-de-mexico-rng","status":"publish","type":"post","link":"https:\/\/noticiasveracruz.com\/index.php\/2025\/02\/19\/veracruz-es-la-corona-del-golfo-de-mexico-rng\/","title":{"rendered":"Veracruz es la corona del Golfo de M\u00e9xico: RNG"},"content":{"rendered":"<p>Al inaugurar el Foro de Promoci\u00f3n de Inversiones en el Sursureste de M\u00e9xico, la gobernadora Roc\u00edo Nahle Garc\u00eda destac\u00f3 el papel estrat\u00e9gico de Veracruz en el desarrollo econ\u00f3mico del pa\u00eds, subrayando su estabilidad pol\u00edtica, infraestructura energ\u00e9tica y log\u00edstica, as\u00ed como las condiciones \u00f3ptimas para la inversi\u00f3n.<\/p>\n<p>Acompa\u00f1ada por la coordinadora del Consejo Asesor de Desarrollo Econ\u00f3mico Regional y Relocalizaci\u00f3n, Altagracia G\u00f3mez Sierra, enfatiz\u00f3 la ubicaci\u00f3n geogr\u00e1fica privilegiada del estado, su riqueza en recursos naturales y humanos, y su liderazgo en producci\u00f3n y distribuci\u00f3n energ\u00e9tica.<\/p>\n<p>\u201cVeracruz, como nosotros decimos, es la corona del Golfo de M\u00e9xico, s\u00ed, Golfo de M\u00e9xico. Que no nos quede duda, tenemos 750 km de litoral, y a trav\u00e9s de nuestras 10 regiones, contamos con la mayor diversidad que se tiene en M\u00e9xico.\u201d<\/p>\n<p>Asimismo, resalt\u00f3 la importancia del estado en el comercio internacional, con tres puertos clave: Coatzacoalcos, l\u00edder en petroqu\u00edmicos y petrol\u00edferos; Veracruz, el m\u00e1s importante en carga; y Tuxpan, el principal en l\u00edquidos y combustibles, adem\u00e1s de su conexi\u00f3n con el Tren Maya y el Corredor Interoce\u00e1nico del Istmo de Tehuantepec.<\/p>\n<p>Nahle Garc\u00eda reiter\u00f3 el compromiso de brindar todas las facilidades necesarias para el establecimiento y crecimiento de nuevas inversiones, asegurando estabilidad y garant\u00edas para los empresarios: \u201cQueremos que vean a Veracruz como una tierra de oportunidades, con condiciones \u00f3ptimas para el desarrollo productivo y econ\u00f3mico\u00bb, agreg\u00f3.<\/p>\n<p>Por su parte, la vicepresidenta de Americas Society\/Council of the Americas, Ragnhild Melzi, destac\u00f3 que esta es la primera vez que el Council of the Americas organiza un foro en esta regi\u00f3n, reconociendo la visi\u00f3n de la Gobernadora para fortalecer la atracci\u00f3n de inversiones.<\/p>\n<p>\u201cLa oportunidad de inversi\u00f3n en el sursureste es inmensa, y la cooperaci\u00f3n entre gobiernos y empresas es fundamental para consolidar proyectos de largo plazo que beneficien a la poblaci\u00f3n y al desarrollo nacional\u201d.<\/p>\n<p>El foro abordar\u00e1 temas clave como las oportunidades de inversi\u00f3n en infraestructura, energ\u00eda, transporte y manufactura; el desarrollo del Corredor Interoce\u00e1nico del Istmo de Tehuantepec y su impacto en el comercio global y la competitividad regional; incentivos fiscales para la instalaci\u00f3n de nuevas industrias; desaf\u00edos y oportunidades en sectores estrat\u00e9gicos con alto potencial de crecimiento; la integraci\u00f3n de cadenas de valor en Am\u00e9rica del Norte, con \u00e9nfasis en el nearshoring y la relocalizaci\u00f3n de empresas; as\u00ed como sostenibilidad y desarrollo social, incluyendo modelos de inversi\u00f3n con impacto social y ambiental, infraestructura resiliente y energ\u00edas renovables.<\/p>\n","protected":false},"excerpt":{"rendered":"<p>Al inaugurar el Foro de Promoci\u00f3n de Inversiones en el Sursureste de M\u00e9xico, la gobernadora Roc\u00edo Nahle Garc\u00eda destac\u00f3 el<\/p>\n","protected":false},"author":4,"featured_media":50627,"comment_status":"closed","ping_status":"closed","sticky":false,"template":"","format":"standard","meta":{"colormag_page_container_layout":"default_layout","colormag_page_sidebar_layout":"default_layout","_jetpack_memberships_contains_paid_content":false,"footnotes":"","jetpack_publicize_message":"","jetpack_publicize_feature_enabled":true,"jetpack_social_post_already_shared":true,"jetpack_social_options":{"image_generator_settings":{"template":"highway","default_image_id":0,"font":"","enabled":false},"version":2}},"categories":[356],"tags":[],"class_list":["post-50626","post","type-post","status-publish","format-standard","has-post-thumbnail","hentry","category-veracruz"],"jetpack_publicize_connections":[],"jetpack_featured_media_url":"https:\/\/noticiasveracruz.com\/wp-content\/uploads\/2025\/02\/9a-12.jpg","jetpack_sharing_enabled":true,"publishpress_future_action":{"enabled":false,"date":"2026-05-10 03:44:10","action":"change-status","newStatus":"draft","terms":[],"taxonomy":"category","extraData":[]},"publishpress_future_workflow_manual_trigger":{"enabledWorkflows":[]},"_links":{"self":[{"href":"https:\/\/noticiasveracruz.com\/index.php\/wp-json\/wp\/v2\/posts\/50626","targetHints":{"allow":["GET"]}}],"collection":[{"href":"https:\/\/noticiasveracruz.com\/index.php\/wp-json\/wp\/v2\/posts"}],"about":[{"href":"https:\/\/noticiasveracruz.com\/index.php\/wp-json\/wp\/v2\/types\/post"}],"author":[{"embeddable":true,"href":"https:\/\/noticiasveracruz.com\/index.php\/wp-json\/wp\/v2\/users\/4"}],"replies":[{"embeddable":true,"href":"https:\/\/noticiasveracruz.com\/index.php\/wp-json\/wp\/v2\/comments?post=50626"}],"version-history":[{"count":0,"href":"https:\/\/noticiasveracruz.com\/index.php\/wp-json\/wp\/v2\/posts\/50626\/revisions"}],"wp:featuredmedia":[{"embeddable":true,"href":"https:\/\/noticiasveracruz.com\/index.php\/wp-json\/wp\/v2\/media\/50627"}],"wp:attachment":[{"href":"https:\/\/noticiasveracruz.com\/index.php\/wp-json\/wp\/v2\/media?parent=50626"}],"wp:term":[{"taxonomy":"category","embeddable":true,"href":"https:\/\/noticiasveracruz.com\/index.php\/wp-json\/wp\/v2\/categories?post=50626"},{"taxonomy":"post_tag","embeddable":true,"href":"https:\/\/noticiasveracruz.com\/index.php\/wp-json\/wp\/v2\/tags?post=50626"}],"curies":[{"name":"wp","href":"https:\/\/api.w.org\/{rel}","templated":true}]}}