{"id":50585,"date":"2025-02-18T00:13:30","date_gmt":"2025-02-18T06:13:30","guid":{"rendered":"https:\/\/noticiasveracruz.com\/?p=50585"},"modified":"2025-02-17T21:26:23","modified_gmt":"2025-02-18T03:26:23","slug":"agricultores-de-san-fernando-cierran-carretera-federal-reclaman-insumos","status":"publish","type":"post","link":"https:\/\/noticiasveracruz.com\/index.php\/2025\/02\/18\/agricultores-de-san-fernando-cierran-carretera-federal-reclaman-insumos\/","title":{"rendered":"Agricultores de San Fernando cierran carretera federal, reclaman insumos"},"content":{"rendered":"<p>Agricultores del valle de San Fernando cerraron temporalmente la carretera federal 101, reclaman recursos para la compra de semilla, refacciones, aceites y combustible para la labranza y siembra de la sus predios agr\u00edcolas, donde establecen cultivos de sorgo, trigo y ma\u00edz, dentro del ciclo agr\u00edcola oto\u00f1o-invierno 2024-2025.<\/p>\n<p>Los campesinos exigen recursos de la Secretar\u00eda de Desarrollo Rural, Pesca y Acuacultura, debido a que a principios del mes de diciembre la dependencia se comprometi\u00f3 a dispersar los insumos que se requieren para la preparaci\u00f3n de alrededor de mil hect\u00e1reas que siembran de cultivos como el sorgo, el c\u00e1rtamo, el trigo y el ma\u00edz.<\/p>\n<p>Los quejosos establecen sus cultivos bajo el r\u00e9gimen de temporal, es decir, con las lluvias de los frentes fr\u00edos de la temporada de invierno prepara la superficie, realizan la siembra, para cumplir con las fechas establecidas bajo el r\u00e9gimen de temporal.<\/p>\n<p>Los agricultores son de ejidos y nuevos centros de poblaci\u00f3n de los municipios de Burgos, Cruillas, M\u00e9ndez y San Fernando, adem\u00e1s de Santander Jim\u00e9nez que se localiza en la misma regi\u00f3n del norte-centro.<\/p>\n","protected":false},"excerpt":{"rendered":"<p>Agricultores del valle de San Fernando cerraron temporalmente la carretera federal 101, reclaman recursos para la compra de semilla, refacciones,<\/p>\n","protected":false},"author":4,"featured_media":50586,"comment_status":"closed","ping_status":"closed","sticky":false,"template":"","format":"standard","meta":{"colormag_page_container_layout":"default_layout","colormag_page_sidebar_layout":"default_layout","_jetpack_memberships_contains_paid_content":false,"footnotes":"","jetpack_publicize_message":"","jetpack_publicize_feature_enabled":true,"jetpack_social_post_already_shared":true,"jetpack_social_options":{"image_generator_settings":{"template":"highway","default_image_id":0,"font":"","enabled":false},"version":2}},"categories":[145],"tags":[],"class_list":["post-50585","post","type-post","status-publish","format-standard","has-post-thumbnail","hentry","category-estados"],"jetpack_publicize_connections":[],"jetpack_featured_media_url":"https:\/\/noticiasveracruz.com\/wp-content\/uploads\/2025\/02\/IMG-20240524-WA0102.jpg","jetpack_sharing_enabled":true,"publishpress_future_action":{"enabled":false,"date":"2026-05-08 13:47:28","action":"change-status","newStatus":"draft","terms":[],"taxonomy":"category","extraData":[]},"publishpress_future_workflow_manual_trigger":{"enabledWorkflows":[]},"_links":{"self":[{"href":"https:\/\/noticiasveracruz.com\/index.php\/wp-json\/wp\/v2\/posts\/50585","targetHints":{"allow":["GET"]}}],"collection":[{"href":"https:\/\/noticiasveracruz.com\/index.php\/wp-json\/wp\/v2\/posts"}],"about":[{"href":"https:\/\/noticiasveracruz.com\/index.php\/wp-json\/wp\/v2\/types\/post"}],"author":[{"embeddable":true,"href":"https:\/\/noticiasveracruz.com\/index.php\/wp-json\/wp\/v2\/users\/4"}],"replies":[{"embeddable":true,"href":"https:\/\/noticiasveracruz.com\/index.php\/wp-json\/wp\/v2\/comments?post=50585"}],"version-history":[{"count":0,"href":"https:\/\/noticiasveracruz.com\/index.php\/wp-json\/wp\/v2\/posts\/50585\/revisions"}],"wp:featuredmedia":[{"embeddable":true,"href":"https:\/\/noticiasveracruz.com\/index.php\/wp-json\/wp\/v2\/media\/50586"}],"wp:attachment":[{"href":"https:\/\/noticiasveracruz.com\/index.php\/wp-json\/wp\/v2\/media?parent=50585"}],"wp:term":[{"taxonomy":"category","embeddable":true,"href":"https:\/\/noticiasveracruz.com\/index.php\/wp-json\/wp\/v2\/categories?post=50585"},{"taxonomy":"post_tag","embeddable":true,"href":"https:\/\/noticiasveracruz.com\/index.php\/wp-json\/wp\/v2\/tags?post=50585"}],"curies":[{"name":"wp","href":"https:\/\/api.w.org\/{rel}","templated":true}]}}