{"id":50582,"date":"2025-02-18T00:12:27","date_gmt":"2025-02-18T06:12:27","guid":{"rendered":"https:\/\/noticiasveracruz.com\/?p=50582"},"modified":"2025-02-17T21:24:10","modified_gmt":"2025-02-18T03:24:10","slug":"lanza-secretaria-de-economia-las-marcas-hecho-en-mexico-y-made-in-mexico","status":"publish","type":"post","link":"https:\/\/noticiasveracruz.com\/index.php\/2025\/02\/18\/lanza-secretaria-de-economia-las-marcas-hecho-en-mexico-y-made-in-mexico\/","title":{"rendered":"Lanza Secretar\u00eda de Econom\u00eda las marcas Hecho en M\u00e9xico y Made in M\u00e9xico"},"content":{"rendered":"<p>La Secretar\u00eda de Econom\u00eda lanz\u00f3 este lunes las marcas Hecho en M\u00e9xico y Made in M\u00e9xico, las cuales servir\u00e1n para certificar los productos cuya elaboraci\u00f3n, en su totalidad, est\u00e9n realizados en nuestro pa\u00eds.<\/p>\n<p>Por medio del Diario Oficial de la Federaci\u00f3n (DOF), la dependencia indic\u00f3 que la marca podr\u00e1 utilizarse en productos \u201ccuya fabricaci\u00f3n, manufactura o ensamblado se realice en M\u00e9xico, y cuenten con est\u00e1ndares de calidad y\u00a0excelencia que enaltezcan la identidad y reputaci\u00f3n del origen de sus materias primas\u201d.<\/p>\n<p>Las personas f\u00edsicas y morales que deseen utilizar la marca Hecho en M\u00e9xico o Made in M\u00e9xico deber\u00e1n obtener una autorizaci\u00f3n de la Secretar\u00eda de Econom\u00eda por conducto de la Unidad de Normatividad, Competitividad y Competencia.<\/p>\n<p>Entre los requisitos que las personas f\u00edsicas requieren para poder usar la marca en sus productos deben tener una identificaci\u00f3n oficial vigente y su constancia de situaci\u00f3n fiscal, mientras que las personas morales deber\u00e1n presentar un acta constitutiva y un documento que acredite la personalidad de su representante legal o\u00a0apoderado.<\/p>\n<p>\u201cLa solicitud de autorizaci\u00f3n de uso de las marcas de certificaci\u00f3n debe ser presentada ante la Secretar\u00eda\u00a0de Econom\u00eda cuando se trate de productos que sean fabricados, manufacturados o ensamblados con insumos de origen nacional en su\u00a0totalidad o que su manufactura se desarrolle en M\u00e9xico, sin importar el origen de los insumos.<\/p>\n<p>\u201cLos solicitantes deben acreditar fehacientemente que, en el proceso de manufactura o fabricaci\u00f3n,\u00a0implementan acciones afirmativas respecto del cumplimiento con uno o m\u00e1s de los Objetivos de\u00a0Desarrollo Sostenible de la Agenda 2030 sobre el Desarrollo Sostenible\u201d.<\/p>\n<p>La Secretar\u00eda, a cargo de Marcelo Ebrard, se\u00f1al\u00f3 en el decreto publicado que una vez que las personas o empresas obtengan su autorizaci\u00f3n, podr\u00e1n utilizar la marca durante cinco a\u00f1os.<\/p>\n<p>Las empresas y personas con derecho de uso de la marca deber\u00e1n usarla \u201cde modo que no perjudique la reputaci\u00f3n o induzcan a\u00a0error a los consumidores sobre las caracter\u00edsticas de los productos a los que se aplican\u201d.<\/p>\n<p>Cuando concluya el plazo de cinco a\u00f1os de uso, en caso de que las empresas y las marcas quieran retenerla deber\u00e1n solicitar una renovaci\u00f3n con al menos seis meses de anticipaci\u00f3n al t\u00e9rmino de su vigencia.<\/p>\n<p>En caso de que las empresas o las personas rompan alguna regla del uso de la marca, la Secretar\u00eda se comunicar\u00e1 para arreglar los errores en un lapso de 30 d\u00edas, y si no se hacen los ajustes, la Unidad de Normatividad, Competitividad y\u00a0Competencia podr\u00e1 cancelarles la licencia.<\/p>\n","protected":false},"excerpt":{"rendered":"<p>La Secretar\u00eda de Econom\u00eda lanz\u00f3 este lunes las marcas Hecho en M\u00e9xico y Made in M\u00e9xico, las cuales servir\u00e1n para<\/p>\n","protected":false},"author":4,"featured_media":50583,"comment_status":"closed","ping_status":"closed","sticky":false,"template":"","format":"standard","meta":{"colormag_page_container_layout":"default_layout","colormag_page_sidebar_layout":"default_layout","_jetpack_memberships_contains_paid_content":false,"footnotes":"","jetpack_publicize_message":"","jetpack_publicize_feature_enabled":true,"jetpack_social_post_already_shared":true,"jetpack_social_options":{"image_generator_settings":{"template":"highway","default_image_id":0,"font":"","enabled":false},"version":2}},"categories":[1947],"tags":[],"class_list":["post-50582","post","type-post","status-publish","format-standard","has-post-thumbnail","hentry","category-economia"],"jetpack_publicize_connections":[],"jetpack_featured_media_url":"https:\/\/noticiasveracruz.com\/wp-content\/uploads\/2025\/02\/f425x230-280598_294580_5050-1.jpg","jetpack_sharing_enabled":true,"publishpress_future_action":{"enabled":false,"date":"2026-05-08 12:57:49","action":"change-status","newStatus":"draft","terms":[],"taxonomy":"category","extraData":[]},"publishpress_future_workflow_manual_trigger":{"enabledWorkflows":[]},"_links":{"self":[{"href":"https:\/\/noticiasveracruz.com\/index.php\/wp-json\/wp\/v2\/posts\/50582","targetHints":{"allow":["GET"]}}],"collection":[{"href":"https:\/\/noticiasveracruz.com\/index.php\/wp-json\/wp\/v2\/posts"}],"about":[{"href":"https:\/\/noticiasveracruz.com\/index.php\/wp-json\/wp\/v2\/types\/post"}],"author":[{"embeddable":true,"href":"https:\/\/noticiasveracruz.com\/index.php\/wp-json\/wp\/v2\/users\/4"}],"replies":[{"embeddable":true,"href":"https:\/\/noticiasveracruz.com\/index.php\/wp-json\/wp\/v2\/comments?post=50582"}],"version-history":[{"count":0,"href":"https:\/\/noticiasveracruz.com\/index.php\/wp-json\/wp\/v2\/posts\/50582\/revisions"}],"wp:featuredmedia":[{"embeddable":true,"href":"https:\/\/noticiasveracruz.com\/index.php\/wp-json\/wp\/v2\/media\/50583"}],"wp:attachment":[{"href":"https:\/\/noticiasveracruz.com\/index.php\/wp-json\/wp\/v2\/media?parent=50582"}],"wp:term":[{"taxonomy":"category","embeddable":true,"href":"https:\/\/noticiasveracruz.com\/index.php\/wp-json\/wp\/v2\/categories?post=50582"},{"taxonomy":"post_tag","embeddable":true,"href":"https:\/\/noticiasveracruz.com\/index.php\/wp-json\/wp\/v2\/tags?post=50582"}],"curies":[{"name":"wp","href":"https:\/\/api.w.org\/{rel}","templated":true}]}}