{"id":50558,"date":"2025-02-18T00:04:40","date_gmt":"2025-02-18T06:04:40","guid":{"rendered":"https:\/\/noticiasveracruz.com\/?p=50558"},"modified":"2025-02-17T21:01:22","modified_gmt":"2025-02-18T03:01:22","slug":"digitalizacion-agiliza-tramites","status":"publish","type":"post","link":"https:\/\/noticiasveracruz.com\/index.php\/2025\/02\/18\/digitalizacion-agiliza-tramites\/","title":{"rendered":"Digitalizaci\u00f3n agiliza tr\u00e1mites"},"content":{"rendered":"<p>El uso, adquisici\u00f3n y aplicaci\u00f3n de las nuevas tecnolog\u00edas optimiza la impartici\u00f3n de justicia y a trav\u00e9s de esas herramientas; la capacitaci\u00f3n y profesionalizaci\u00f3n del personal permite avanzar en el combate a la corrupci\u00f3n.<\/p>\n<p>Mar\u00eda del Socorro Hern\u00e1ndez Cadena, presidenta de la tercera sala en materia penal del poder judicial de Veracruz, dijo que, en los juzgados con competencia en materia civil, familiar y laboral en todo el estado, hay constancia de la eficacia y eficiencia del sistema de digitalizaci\u00f3n.<\/p>\n<p>Asegur\u00f3 que la din\u00e1mica de procedimientos jurisdiccionales agiliza no s\u00f3lo los procesos, sino los tiempos, costos y la necesidad de desplazamientos f\u00edsicos, para cumplir los objetivos de que la justicia llegue a todas y todos.<\/p>\n<p>Con la digitalizaci\u00f3n, el Poder Judicial ofrece de manera virtual los servicios de: tr\u00e1mites y consultas, consulta de expedientes, acceso a formulario \u00fanico, tr\u00e1mites administrativos, oficina de orientaci\u00f3n gratuita al usuario, consulta del expediente judicial electr\u00f3nico, sistema de registro, de visitas y consultas judiciales.<\/p>\n","protected":false},"excerpt":{"rendered":"<p>El uso, adquisici\u00f3n y aplicaci\u00f3n de las nuevas tecnolog\u00edas optimiza la impartici\u00f3n de justicia y a trav\u00e9s de esas herramientas;<\/p>\n","protected":false},"author":4,"featured_media":50559,"comment_status":"closed","ping_status":"closed","sticky":false,"template":"","format":"standard","meta":{"colormag_page_container_layout":"default_layout","colormag_page_sidebar_layout":"default_layout","_jetpack_memberships_contains_paid_content":false,"footnotes":"","jetpack_publicize_message":"","jetpack_publicize_feature_enabled":true,"jetpack_social_post_already_shared":true,"jetpack_social_options":{"image_generator_settings":{"template":"highway","default_image_id":0,"font":"","enabled":false},"version":2}},"categories":[356],"tags":[],"class_list":["post-50558","post","type-post","status-publish","format-standard","has-post-thumbnail","hentry","category-veracruz"],"jetpack_publicize_connections":[],"jetpack_featured_media_url":"https:\/\/noticiasveracruz.com\/wp-content\/uploads\/2025\/02\/10c-3.jpg","jetpack_sharing_enabled":true,"publishpress_future_action":{"enabled":false,"date":"2026-05-08 10:31:12","action":"change-status","newStatus":"draft","terms":[],"taxonomy":"category","extraData":[]},"publishpress_future_workflow_manual_trigger":{"enabledWorkflows":[]},"_links":{"self":[{"href":"https:\/\/noticiasveracruz.com\/index.php\/wp-json\/wp\/v2\/posts\/50558","targetHints":{"allow":["GET"]}}],"collection":[{"href":"https:\/\/noticiasveracruz.com\/index.php\/wp-json\/wp\/v2\/posts"}],"about":[{"href":"https:\/\/noticiasveracruz.com\/index.php\/wp-json\/wp\/v2\/types\/post"}],"author":[{"embeddable":true,"href":"https:\/\/noticiasveracruz.com\/index.php\/wp-json\/wp\/v2\/users\/4"}],"replies":[{"embeddable":true,"href":"https:\/\/noticiasveracruz.com\/index.php\/wp-json\/wp\/v2\/comments?post=50558"}],"version-history":[{"count":0,"href":"https:\/\/noticiasveracruz.com\/index.php\/wp-json\/wp\/v2\/posts\/50558\/revisions"}],"wp:featuredmedia":[{"embeddable":true,"href":"https:\/\/noticiasveracruz.com\/index.php\/wp-json\/wp\/v2\/media\/50559"}],"wp:attachment":[{"href":"https:\/\/noticiasveracruz.com\/index.php\/wp-json\/wp\/v2\/media?parent=50558"}],"wp:term":[{"taxonomy":"category","embeddable":true,"href":"https:\/\/noticiasveracruz.com\/index.php\/wp-json\/wp\/v2\/categories?post=50558"},{"taxonomy":"post_tag","embeddable":true,"href":"https:\/\/noticiasveracruz.com\/index.php\/wp-json\/wp\/v2\/tags?post=50558"}],"curies":[{"name":"wp","href":"https:\/\/api.w.org\/{rel}","templated":true}]}}