{"id":50555,"date":"2025-02-18T00:03:34","date_gmt":"2025-02-18T06:03:34","guid":{"rendered":"https:\/\/noticiasveracruz.com\/?p=50555"},"modified":"2025-02-17T21:00:14","modified_gmt":"2025-02-18T03:00:14","slug":"aprueban-obras-estrategicas-para-veracruz-rocio-nahle","status":"publish","type":"post","link":"https:\/\/noticiasveracruz.com\/index.php\/2025\/02\/18\/aprueban-obras-estrategicas-para-veracruz-rocio-nahle\/","title":{"rendered":"Aprueban obras estrat\u00e9gicas para Veracruz: Roc\u00edo Nahle"},"content":{"rendered":"<p>La reciente gira de trabajo de la presidenta Claudia Sheinbaum Pardo por Veracruz dej\u00f3 importantes avances en materia de infraestructura, desarrollo social y econ\u00f3mico, destac\u00f3 la gobernadora Roc\u00edo Nahle Garc\u00eda en entrevista con Quatro Media Comunicaciones.<\/p>\n<p>\u201cHay que agradecer la generosidad de la Presidenta y su cari\u00f1o para el pueblo veracruzano. Fueron tres d\u00edas de una gira muy intensa, pero muy productiva. Vino a anunciar los programas sociales, la Cl\u00ednica es nuestra, las tarjetas para las mujeres de 60 a 64 a\u00f1os\u201d.<\/p>\n<p>Entre los principales logros de esta visita destac\u00f3 la aprobaci\u00f3n para la construcci\u00f3n del nuevo puente de Coatzacoalcos I y el de Boca del R\u00edo que unir\u00e1 la Riviera veracruzana con esta conurbaci\u00f3n, cuya ejecuci\u00f3n iniciar\u00e1 en 2026; la modernizaci\u00f3n del libramiento Orizaba-C\u00f3rdoba y la rehabilitaci\u00f3n de carreteras.<\/p>\n<p>\u201cTengo un proyecto muy ambicioso del Tren del Golfo, entonces tambi\u00e9n sobre eso estuvimos hablando, tambi\u00e9n proyectos del campo de ganader\u00eda, todas las carreteras, sirvi\u00f3 mucho porque pues ve c\u00f3mo est\u00e1n las carreteras\u201d, expuso.<\/p>\n<p>Fue acordada la visita del comisionado de CONAPESCA, Alejandro Flores Nava, el pr\u00f3ximo viernes 21 de febrero para atender las inquietudes del sector y avanzar en la instalaci\u00f3n de una sede en Alvarado, lo que facilitar\u00e1 los tr\u00e1mites y apoyos a los pescadores del Golfo de M\u00e9xico.<\/p>\n<p>En el rubro de salud, se anunci\u00f3 la reactivaci\u00f3n del hospital de Misantla, una obra abandonada desde 2010 y tras la visita de Alejandro Svarch, director del IMSS-Bienestar, se analizar\u00e1 la viabilidad del mismo para su conclusi\u00f3n.<\/p>\n<p><span id=\"_GoBack\"><\/span>Finalmente, se\u00f1al\u00f3 que como parte de su agenda, ayer lunes se reuni\u00f3 con la Secretar\u00eda de Hacienda para gestionar recursos presupuestales destinados a Veracruz. Tras su regreso, sostendr\u00eda una cena en Boca del R\u00edo con empresarios de M\u00e9xico y Estados Unidos para fortalecer la inversi\u00f3n y el crecimiento econ\u00f3mico en la entidad.<\/p>\n","protected":false},"excerpt":{"rendered":"<p>La reciente gira de trabajo de la presidenta Claudia Sheinbaum Pardo por Veracruz dej\u00f3 importantes avances en materia de infraestructura,<\/p>\n","protected":false},"author":4,"featured_media":50556,"comment_status":"closed","ping_status":"closed","sticky":false,"template":"","format":"standard","meta":{"colormag_page_container_layout":"default_layout","colormag_page_sidebar_layout":"default_layout","_jetpack_memberships_contains_paid_content":false,"footnotes":"","jetpack_publicize_message":"","jetpack_publicize_feature_enabled":true,"jetpack_social_post_already_shared":true,"jetpack_social_options":{"image_generator_settings":{"template":"highway","default_image_id":0,"font":"","enabled":false},"version":2}},"categories":[356],"tags":[],"class_list":["post-50555","post","type-post","status-publish","format-standard","has-post-thumbnail","hentry","category-veracruz"],"jetpack_publicize_connections":[],"jetpack_featured_media_url":"https:\/\/noticiasveracruz.com\/wp-content\/uploads\/2025\/02\/9a-11.jpg","jetpack_sharing_enabled":true,"publishpress_future_action":{"enabled":false,"date":"2026-05-08 08:55:52","action":"change-status","newStatus":"draft","terms":[],"taxonomy":"category","extraData":[]},"publishpress_future_workflow_manual_trigger":{"enabledWorkflows":[]},"_links":{"self":[{"href":"https:\/\/noticiasveracruz.com\/index.php\/wp-json\/wp\/v2\/posts\/50555","targetHints":{"allow":["GET"]}}],"collection":[{"href":"https:\/\/noticiasveracruz.com\/index.php\/wp-json\/wp\/v2\/posts"}],"about":[{"href":"https:\/\/noticiasveracruz.com\/index.php\/wp-json\/wp\/v2\/types\/post"}],"author":[{"embeddable":true,"href":"https:\/\/noticiasveracruz.com\/index.php\/wp-json\/wp\/v2\/users\/4"}],"replies":[{"embeddable":true,"href":"https:\/\/noticiasveracruz.com\/index.php\/wp-json\/wp\/v2\/comments?post=50555"}],"version-history":[{"count":0,"href":"https:\/\/noticiasveracruz.com\/index.php\/wp-json\/wp\/v2\/posts\/50555\/revisions"}],"wp:featuredmedia":[{"embeddable":true,"href":"https:\/\/noticiasveracruz.com\/index.php\/wp-json\/wp\/v2\/media\/50556"}],"wp:attachment":[{"href":"https:\/\/noticiasveracruz.com\/index.php\/wp-json\/wp\/v2\/media?parent=50555"}],"wp:term":[{"taxonomy":"category","embeddable":true,"href":"https:\/\/noticiasveracruz.com\/index.php\/wp-json\/wp\/v2\/categories?post=50555"},{"taxonomy":"post_tag","embeddable":true,"href":"https:\/\/noticiasveracruz.com\/index.php\/wp-json\/wp\/v2\/tags?post=50555"}],"curies":[{"name":"wp","href":"https:\/\/api.w.org\/{rel}","templated":true}]}}