{"id":50552,"date":"2025-02-18T00:02:37","date_gmt":"2025-02-18T06:02:37","guid":{"rendered":"https:\/\/noticiasveracruz.com\/?p=50552"},"modified":"2025-02-17T20:59:22","modified_gmt":"2025-02-18T02:59:22","slug":"listos-para-olimpiada-nacional-de-quimica","status":"publish","type":"post","link":"https:\/\/noticiasveracruz.com\/index.php\/2025\/02\/18\/listos-para-olimpiada-nacional-de-quimica\/","title":{"rendered":"Listos para Olimpiada Nacional de Qu\u00edmica"},"content":{"rendered":"<p>Miriam Ivana Aquino Estudillo y C\u00e9sar Ronaldo Tamayo Hinojosa, del Colegio de Bachilleres del Estado de Veracruz, plantel Coatzacoalcos, as\u00ed como Ariadna Sof\u00eda Garc\u00eda Ju\u00e1rez y Renata Morales Meneses, del Colegio Hispano Mexicano de C\u00f3rdoba, representar\u00e1n al estado en la XXXIV Olimpiada Nacional de Qu\u00edmica, que se llevar\u00e1 a cabo del 19 al 23 de febrero en la Universidad Aut\u00f3noma de Quer\u00e9taro.<\/p>\n<p>Durante la ceremonia del Lunes C\u00edvico, la secretaria de Educaci\u00f3n de Veracruz, Claudia Tello Espinosa, dio el banderazo de salida y reconoci\u00f3 el talento de las y los estudiantes, quienes han destacado en cert\u00e1menes nacionales e internacionales.<\/p>\n<p>Confi\u00f3 en que obtendr\u00e1n buenos resultados y lograr\u00e1n un lugar en el equipo que representar\u00e1 a M\u00e9xico en las Olimpiadas Internacionales de Qu\u00edmica, programadas para julio de 2025 en Dub\u00e1i, Emiratos \u00c1rabes Unidos.<\/p>\n<p>La competencia, organizada por la Academia Mexicana de Ciencias, re\u00fane a estudiantes de nivel medio superior de todo el pa\u00eds. En Veracruz, este organismo est\u00e1 representado por Mar\u00eda Aide\u00e9 C\u00e1rdenas Uribe y el codelegado estatal, Ulises Jim\u00e9nez Castillo, adem\u00e1s del coordinador log\u00edstico, Abel Salvador Granados L\u00f3pez.<\/p>\n<p>En la \u00faltima d\u00e9cada, alumnas y alumnos del COBAEV han tenido un desempe\u00f1o destacado en la Olimpiada Internacional de Qu\u00edmica, especialmente de los planteles 17 de J\u00e1ltipan, 08 de Cosoleacaque y 18 de Coatzacoalcos, donde han formado parte del selectivo nacional.<\/p>\n","protected":false},"excerpt":{"rendered":"<p>Miriam Ivana Aquino Estudillo y C\u00e9sar Ronaldo Tamayo Hinojosa, del Colegio de Bachilleres del Estado de Veracruz, plantel Coatzacoalcos, as\u00ed<\/p>\n","protected":false},"author":4,"featured_media":50553,"comment_status":"closed","ping_status":"closed","sticky":false,"template":"","format":"standard","meta":{"colormag_page_container_layout":"default_layout","colormag_page_sidebar_layout":"default_layout","_jetpack_memberships_contains_paid_content":false,"footnotes":"","jetpack_publicize_message":"","jetpack_publicize_feature_enabled":true,"jetpack_social_post_already_shared":true,"jetpack_social_options":{"image_generator_settings":{"template":"highway","default_image_id":0,"font":"","enabled":false},"version":2}},"categories":[356],"tags":[],"class_list":["post-50552","post","type-post","status-publish","format-standard","has-post-thumbnail","hentry","category-veracruz"],"jetpack_publicize_connections":[],"jetpack_featured_media_url":"https:\/\/noticiasveracruz.com\/wp-content\/uploads\/2025\/02\/9b-7.jpg","jetpack_sharing_enabled":true,"publishpress_future_action":{"enabled":false,"date":"2026-05-08 06:32:16","action":"change-status","newStatus":"draft","terms":[],"taxonomy":"category","extraData":[]},"publishpress_future_workflow_manual_trigger":{"enabledWorkflows":[]},"_links":{"self":[{"href":"https:\/\/noticiasveracruz.com\/index.php\/wp-json\/wp\/v2\/posts\/50552","targetHints":{"allow":["GET"]}}],"collection":[{"href":"https:\/\/noticiasveracruz.com\/index.php\/wp-json\/wp\/v2\/posts"}],"about":[{"href":"https:\/\/noticiasveracruz.com\/index.php\/wp-json\/wp\/v2\/types\/post"}],"author":[{"embeddable":true,"href":"https:\/\/noticiasveracruz.com\/index.php\/wp-json\/wp\/v2\/users\/4"}],"replies":[{"embeddable":true,"href":"https:\/\/noticiasveracruz.com\/index.php\/wp-json\/wp\/v2\/comments?post=50552"}],"version-history":[{"count":0,"href":"https:\/\/noticiasveracruz.com\/index.php\/wp-json\/wp\/v2\/posts\/50552\/revisions"}],"wp:featuredmedia":[{"embeddable":true,"href":"https:\/\/noticiasveracruz.com\/index.php\/wp-json\/wp\/v2\/media\/50553"}],"wp:attachment":[{"href":"https:\/\/noticiasveracruz.com\/index.php\/wp-json\/wp\/v2\/media?parent=50552"}],"wp:term":[{"taxonomy":"category","embeddable":true,"href":"https:\/\/noticiasveracruz.com\/index.php\/wp-json\/wp\/v2\/categories?post=50552"},{"taxonomy":"post_tag","embeddable":true,"href":"https:\/\/noticiasveracruz.com\/index.php\/wp-json\/wp\/v2\/tags?post=50552"}],"curies":[{"name":"wp","href":"https:\/\/api.w.org\/{rel}","templated":true}]}}