{"id":50549,"date":"2025-02-18T00:01:19","date_gmt":"2025-02-18T06:01:19","guid":{"rendered":"https:\/\/noticiasveracruz.com\/?p=50549"},"modified":"2025-02-17T20:58:22","modified_gmt":"2025-02-18T02:58:22","slug":"inicia-la-revista-de-supervivencia-del-ipe","status":"publish","type":"post","link":"https:\/\/noticiasveracruz.com\/index.php\/2025\/02\/18\/inicia-la-revista-de-supervivencia-del-ipe\/","title":{"rendered":"Inicia la Revista de Supervivencia del IPE"},"content":{"rendered":"<p>El Instituto de Pensiones del Estado (IPE) dio inicio al primer periodo del Programa de Revista de Supervivencia 2025, modalidad mixta, vigente hasta el pr\u00f3ximo 4 de abril.<\/p>\n<p>El objetivo es verificar que pensionistas y personas beneficiarias se encuentren vigentes para recibir oportunamente el pago de su pensi\u00f3n durante los meses subsecuentes; y actualizar el padr\u00f3n del Seguro de Enfermedades para Pensionistas.<\/p>\n<p>Para ello fueron habilitados m\u00f3dulos fijos en el Gran Hotel Xalapa, Estancia Garnica y las oficinas del IPE, 32 itinerantes en distintas regiones del estado y ocho de acreditaci\u00f3n virtual, disponibles a trav\u00e9s de la aplicaci\u00f3n IPE M\u00f3vil y videollamadas por WhatsApp.<\/p>\n<p>Podr\u00e1n acreditarse mediante documentaci\u00f3n oficial emitida por autoridades notariales, centros de salud p\u00fablicos, oficinas consulares, embajadas o centros de reclusi\u00f3n.<\/p>\n<p>La informaci\u00f3n detallada est\u00e1 disponible en la p\u00e1gina www.veracruz.gob.mx\/ipe y en las redes sociales del Instituto. Quienes no completen el tr\u00e1mite dentro de este plazo ver\u00e1n retenido su pago a partir de abril, hasta realizar su acreditaci\u00f3n extempor\u00e1nea.<\/p>\n","protected":false},"excerpt":{"rendered":"<p>El Instituto de Pensiones del Estado (IPE) dio inicio al primer periodo del Programa de Revista de Supervivencia 2025, modalidad<\/p>\n","protected":false},"author":4,"featured_media":50550,"comment_status":"closed","ping_status":"closed","sticky":false,"template":"","format":"standard","meta":{"colormag_page_container_layout":"default_layout","colormag_page_sidebar_layout":"default_layout","_jetpack_memberships_contains_paid_content":false,"footnotes":"","jetpack_publicize_message":"","jetpack_publicize_feature_enabled":true,"jetpack_social_post_already_shared":true,"jetpack_social_options":{"image_generator_settings":{"template":"highway","default_image_id":0,"font":"","enabled":false},"version":2}},"categories":[356],"tags":[],"class_list":["post-50549","post","type-post","status-publish","format-standard","has-post-thumbnail","hentry","category-veracruz"],"jetpack_publicize_connections":[],"jetpack_featured_media_url":"https:\/\/noticiasveracruz.com\/wp-content\/uploads\/2025\/02\/9c-9.jpg","jetpack_sharing_enabled":true,"publishpress_future_action":{"enabled":false,"date":"2026-05-08 05:41:08","action":"change-status","newStatus":"draft","terms":[],"taxonomy":"category","extraData":[]},"publishpress_future_workflow_manual_trigger":{"enabledWorkflows":[]},"_links":{"self":[{"href":"https:\/\/noticiasveracruz.com\/index.php\/wp-json\/wp\/v2\/posts\/50549","targetHints":{"allow":["GET"]}}],"collection":[{"href":"https:\/\/noticiasveracruz.com\/index.php\/wp-json\/wp\/v2\/posts"}],"about":[{"href":"https:\/\/noticiasveracruz.com\/index.php\/wp-json\/wp\/v2\/types\/post"}],"author":[{"embeddable":true,"href":"https:\/\/noticiasveracruz.com\/index.php\/wp-json\/wp\/v2\/users\/4"}],"replies":[{"embeddable":true,"href":"https:\/\/noticiasveracruz.com\/index.php\/wp-json\/wp\/v2\/comments?post=50549"}],"version-history":[{"count":0,"href":"https:\/\/noticiasveracruz.com\/index.php\/wp-json\/wp\/v2\/posts\/50549\/revisions"}],"wp:featuredmedia":[{"embeddable":true,"href":"https:\/\/noticiasveracruz.com\/index.php\/wp-json\/wp\/v2\/media\/50550"}],"wp:attachment":[{"href":"https:\/\/noticiasveracruz.com\/index.php\/wp-json\/wp\/v2\/media?parent=50549"}],"wp:term":[{"taxonomy":"category","embeddable":true,"href":"https:\/\/noticiasveracruz.com\/index.php\/wp-json\/wp\/v2\/categories?post=50549"},{"taxonomy":"post_tag","embeddable":true,"href":"https:\/\/noticiasveracruz.com\/index.php\/wp-json\/wp\/v2\/tags?post=50549"}],"curies":[{"name":"wp","href":"https:\/\/api.w.org\/{rel}","templated":true}]}}