{"id":50495,"date":"2025-02-17T00:21:54","date_gmt":"2025-02-17T06:21:54","guid":{"rendered":"https:\/\/noticiasveracruz.com\/?p=50495"},"modified":"2025-02-17T01:33:15","modified_gmt":"2025-02-17T07:33:15","slug":"rebelion-contra-las-reformas-a-la-ley-del-issste","status":"publish","type":"post","link":"https:\/\/noticiasveracruz.com\/index.php\/2025\/02\/17\/rebelion-contra-las-reformas-a-la-ley-del-issste\/","title":{"rendered":"Rebeli\u00f3n contra las reformas a la ley del ISSSTE"},"content":{"rendered":"<p>Los trabajadores est\u00e1n inconformes.<\/p>\n<p>Poco de las reformas promovidas por la autodenominada\u00a0<em>4T<\/em>\u00a0gusta a obreros y patrones o, mejor dicho, casi todas tienen el rechazo de ambos porque trastoca sus conquistas.<\/p>\n<p>Lo vemos con las reformas a la Ley del Infonavit (Instituto del Fondo Nacional de Vivienda de los Trabajadores).<\/p>\n<p>Con ellas se ponen en riesgo 2.4 billones de pesos ahorrados durante medio siglo por los obreros para hacerse alg\u00fan d\u00eda de una casa habitaci\u00f3n para su familia.<\/p>\n<p>El discurso oficial dice lo contrario: de esa forma, en manos del gobierno con una empresa tan bien manejada como lo hizo\u00a0<strong>Octavio Romero Oropeza\u00a0<\/strong>en Pemex el sexenio pasado, todos ellos tendr\u00e1n residencia material.<\/p>\n<p>Porque, consigna morenista, hasta ahora todo cuanto se ha hecho en ese organismo tripartita est\u00e1 manchado por la corrupci\u00f3n, la mala construcci\u00f3n y el otorgamiento de cr\u00e9ditos caros.<\/p>\n<p>&nbsp;<\/p>\n<p><strong>OPOSICI\u00d3N DEL SNTE<\/strong><\/p>\n<p>Ahora viene el turno del ISSSTE.<\/p>\n<p>El Instituto de Seguridad y Servicios Sociales de los Trabajadores del Estado dirigido por\u00a0<strong>Mart\u00ed Batres Guadarrama<\/strong>, seg\u00fan la\u00a0<em>4T<\/em>, tambi\u00e9n est\u00e1 pervertido.<\/p>\n<p>Con un problema: los cambios previstos afectan el ingreso de los trabajadores del gobierno en secretar\u00edas de Estado, organismos descentralizados, gobiernos estatales.<\/p>\n<p>Por lo tanto, es necesario meter tijera.<\/p>\n<p>\u00bfCon cargo a qui\u00e9n?<\/p>\n<p>A los bur\u00f3cratas.<\/p>\n<p>Pero el organismo m\u00e1s robusto de esos bur\u00f3cratas, SNTE, con m\u00e1s de un mill\u00f3n 600 mil agremiados, ya alz\u00f3 su voz.<\/p>\n<p>No acepta esas pretensiones.<\/p>\n<p>En un an\u00e1lisis interno, el dirigente\u00a0<strong>Alfonso Cepeda Salas\u00a0<\/strong>escuch\u00f3 la voz de la mayor\u00eda de los representantes seccionales y sali\u00f3 a manifestar su oposici\u00f3n.<\/p>\n<p>La preocupaci\u00f3n central est\u00e1, dice su declaraci\u00f3n, en los impactos econ\u00f3micos que podr\u00edan sufrir los docentes en el nuevo esquema de cuotas en seguridad social.<\/p>\n<p>No es una posici\u00f3n contra el Instituto o el gobierno, aclara:<\/p>\n<p>\u201cSomos los primeros en reconocer las \u00e1reas de oportunidad del ISSSTE. De hecho y de manera p\u00fablica hemos se\u00f1alado puntualmente las necesidades de mejora de esa instituci\u00f3n\u201d.<\/p>\n<p>No se queda en el rechazo: bajo su conducci\u00f3n, el SNTE prepara alternativas para no afectar el ingreso de los maestros y administrativos de la ense\u00f1anza.<\/p>\n<p>Dice el tambi\u00e9n senador\u00a0<strong>Cepeda Salas<\/strong>:<\/p>\n<p>\u201cEstamos seguros que en la revisi\u00f3n que de la iniciativa en comento se realice tanto en la C\u00e1mara de Diputados como en el Senado, encontraremos alternativas financieras que eviten afectaciones a los ingresos de los trabajadores de la educaci\u00f3n\u201d.<\/p>\n<p>Ojal\u00e1.<\/p>\n<p><strong>GASTO SIN MARGEN<\/strong><\/p>\n<p>Hacienda est\u00e1 en un embrollo.<\/p>\n<p>Los gastos suben y no hay recursos para respaldar las obras enunciadas, los programas de inversi\u00f3n, gasto ordinario y liquidaciones de personal.<\/p>\n<p>El secretario\u00a0<strong>Rogelio Ram\u00edrez de la O\u00a0<\/strong>lo ha planteado con claridad al Poder Legislativo y en especial a la C\u00e1mara de Diputados, donde se determinan los egresos.<\/p>\n<p>Vea usted este dato: en el pasado los gobiernos priistas supieron dejar margen de maniobra para secretar\u00edas de Estado y gobiernos estatales y municipales.<\/p>\n<p>Con\u00a0<strong>Ernesto Zedillo<\/strong>\u00a0ese margen era de 30 por ciento del presupuesto,\u00a0<strong>Vicente Fox<\/strong>\u00a0lo baj\u00f3 y lo dej\u00f3 en 20 por ciento para\u00a0<strong>Felipe Calder\u00f3n<\/strong>, con\u00a0<strong>Enrique Pe\u00f1a\u00a0<\/strong>era del 12, pero\u00a0<strong>Andr\u00e9s Manuel L\u00f3pez Obrador\u00a0<\/strong>lo dilapid\u00f3 y hoy es \u201ccasi nada\u201d.<\/p>\n<p>As\u00ed deben trabajar\u00a0<strong>Claudia Sheinbaum<\/strong>\u00a0y\u00a0<strong>Ram\u00edrez de la O.<\/strong><\/p>\n<p><img loading=\"lazy\" decoding=\"async\" class=\"alignnone wp-image-50425 size-full\" src=\"http:\/\/noticiasveracruz.com\/wp-content\/uploads\/2025\/02\/FIRMA-EDITORIAL-PD-4.jpg\" alt=\"\" width=\"1024\" height=\"125\" srcset=\"https:\/\/noticiasveracruz.com\/wp-content\/uploads\/2025\/02\/FIRMA-EDITORIAL-PD-4.jpg 1024w, https:\/\/noticiasveracruz.com\/wp-content\/uploads\/2025\/02\/FIRMA-EDITORIAL-PD-4-300x37.jpg 300w, https:\/\/noticiasveracruz.com\/wp-content\/uploads\/2025\/02\/FIRMA-EDITORIAL-PD-4-768x94.jpg 768w\" sizes=\"auto, (max-width: 1024px) 100vw, 1024px\" \/><\/p>\n","protected":false},"excerpt":{"rendered":"<p>Los trabajadores est\u00e1n inconformes. Poco de las reformas promovidas por la autodenominada\u00a04T\u00a0gusta a obreros y patrones o, mejor dicho, casi<\/p>\n","protected":false},"author":4,"featured_media":28549,"comment_status":"closed","ping_status":"closed","sticky":false,"template":"","format":"standard","meta":{"colormag_page_container_layout":"default_layout","colormag_page_sidebar_layout":"default_layout","_jetpack_memberships_contains_paid_content":false,"footnotes":"","jetpack_publicize_message":"","jetpack_publicize_feature_enabled":true,"jetpack_social_post_already_shared":true,"jetpack_social_options":{"image_generator_settings":{"template":"highway","default_image_id":0,"font":"","enabled":false},"version":2}},"categories":[6],"tags":[],"class_list":["post-50495","post","type-post","status-publish","format-standard","has-post-thumbnail","hentry","category-columnistas"],"jetpack_publicize_connections":[],"jetpack_featured_media_url":"https:\/\/noticiasveracruz.com\/wp-content\/uploads\/2024\/04\/BANNER-JOSE-URENA-NV.jpg","jetpack_sharing_enabled":true,"publishpress_future_action":{"enabled":false,"date":"2026-05-10 02:30:59","action":"change-status","newStatus":"draft","terms":[],"taxonomy":"category","extraData":[]},"publishpress_future_workflow_manual_trigger":{"enabledWorkflows":[]},"_links":{"self":[{"href":"https:\/\/noticiasveracruz.com\/index.php\/wp-json\/wp\/v2\/posts\/50495","targetHints":{"allow":["GET"]}}],"collection":[{"href":"https:\/\/noticiasveracruz.com\/index.php\/wp-json\/wp\/v2\/posts"}],"about":[{"href":"https:\/\/noticiasveracruz.com\/index.php\/wp-json\/wp\/v2\/types\/post"}],"author":[{"embeddable":true,"href":"https:\/\/noticiasveracruz.com\/index.php\/wp-json\/wp\/v2\/users\/4"}],"replies":[{"embeddable":true,"href":"https:\/\/noticiasveracruz.com\/index.php\/wp-json\/wp\/v2\/comments?post=50495"}],"version-history":[{"count":0,"href":"https:\/\/noticiasveracruz.com\/index.php\/wp-json\/wp\/v2\/posts\/50495\/revisions"}],"wp:featuredmedia":[{"embeddable":true,"href":"https:\/\/noticiasveracruz.com\/index.php\/wp-json\/wp\/v2\/media\/28549"}],"wp:attachment":[{"href":"https:\/\/noticiasveracruz.com\/index.php\/wp-json\/wp\/v2\/media?parent=50495"}],"wp:term":[{"taxonomy":"category","embeddable":true,"href":"https:\/\/noticiasveracruz.com\/index.php\/wp-json\/wp\/v2\/categories?post=50495"},{"taxonomy":"post_tag","embeddable":true,"href":"https:\/\/noticiasveracruz.com\/index.php\/wp-json\/wp\/v2\/tags?post=50495"}],"curies":[{"name":"wp","href":"https:\/\/api.w.org\/{rel}","templated":true}]}}