{"id":5047,"date":"2022-06-07T07:41:27","date_gmt":"2022-06-07T12:41:27","guid":{"rendered":"https:\/\/noticiasveracruz.com\/?p=5047"},"modified":"2022-06-07T09:22:15","modified_gmt":"2022-06-07T14:22:15","slug":"asesino-era-su-amigo-ejecutan-a-ministro-de-medio-ambiente-de-republica-dominicana","status":"publish","type":"post","link":"https:\/\/noticiasveracruz.com\/index.php\/2022\/06\/07\/asesino-era-su-amigo-ejecutan-a-ministro-de-medio-ambiente-de-republica-dominicana\/","title":{"rendered":"Asesino era su amigo, ejecutan a ministro de Medio Ambiente de Rep\u00fablica Dominicana"},"content":{"rendered":"<p>&nbsp;<\/p>\n<p class=\"p2\"><span style=\"font-size: 14pt;\"><em><strong>Santo Domingo.<span class=\"Apple-converted-space\">\u00a0 <\/span><\/strong><\/em>El ministro de Medio Ambiente y Recursos Naturales de Rep\u00fablica Dominicana, <strong>hijo de un expresidente<\/strong>, <span style=\"font-size: 18pt;\"><strong>Jorge Mera<\/strong><\/span> fue <strong>asesinado<\/strong> a tiros en su oficina por un amigo cercano, dijo la oficina del presidente en un comunicado.<\/span><\/p>\n<blockquote>\n<p class=\"p2\"><span style=\"font-size: 14pt;\">Expresamos nuestro m\u00e1s sentido p\u00e9same\u201d, dijo la oficina del presidente Luis Abinader.<\/span><\/p>\n<\/blockquote>\n<p class=\"p2\"><span style=\"font-size: 18pt;\"><strong>Las autoridades dijeron que Jorge Mera recibi\u00f3 un disparo de Fausto Miguel de Jes\u00fas Cruz, quien luego fue arrestado en una iglesia a decenas de cuadras de distancia despu\u00e9s de decirle a un sacerdote que hab\u00eda cometido un delito y le entreg\u00f3 un arma.<\/strong><\/span><\/p>\n<p>&nbsp;<\/p>\n<figure id=\"attachment_6260\" aria-describedby=\"caption-attachment-6260\" style=\"width: 800px\" class=\"wp-caption aligncenter\"><img loading=\"lazy\" decoding=\"async\" class=\"wp-image-6260 size-large\" src=\"https:\/\/politicosaldesnudo.com.mx\/wp-content\/uploads\/2022\/06\/P-MINISTRORD3-1024x573.png\" alt=\"\" width=\"800\" height=\"448\" \/><figcaption id=\"caption-attachment-6260\" class=\"wp-caption-text\">Jorge Mera y su amigo Fausto Miguel de Jes\u00fas (IZQ).<\/figcaption><\/figure>\n<p>&nbsp;<\/p>\n<p>&nbsp;<\/p>\n<p class=\"p2\"><span style=\"font-size: 18pt;\"><strong>LOS HECHOS\u00a0<\/strong><\/span><\/p>\n<p class=\"p2\"><span style=\"font-size: 14pt;\">Las razones por las que el hombre cometi\u00f3 el hecho a\u00fan no son claras, <strong>pero se ha comentado que el suceso estar\u00eda ligado al cierre de una extractora de agregados para cemento.<\/strong><\/span><\/p>\n<p class=\"p2\"><span style=\"font-size: 18pt;\"><strong>Extraoficialmente, se inform\u00f3 que, estando en el despacho del ministro en Medio Ambiente, la secretaria de Jorge Mera escuch\u00f3 la discusi\u00f3n entre ambos hombres y entr\u00f3 a la oficina. All\u00ed, Jorge Mera le habr\u00eda expresado que no se preocupara, que el hombre era su amigo. Incluso, esa misma habr\u00eda sido la raz\u00f3n de que el ministro autorizara la entrada a la sede del hombre estando armado.<\/strong><\/span><\/p>\n<p class=\"p2\"><span style=\"font-size: 18pt;\"><strong> Fausto Miguel de Jes\u00fas Cruz es propietario de Armer\u00eda Miguel Gun Shop, SRL, y de la Constructora Cruz de la Mota y Asociados, SRL.<\/strong><\/span><\/p>\n<p class=\"p2\"><span style=\"font-size: 14pt;\">Cuando sonaron los disparos el lunes por la ma\u00f1ana, la gente en la calle grit\u00f3 y se puso a cubierto cuando los que hu\u00edan del edificio treparon una cerca alta despu\u00e9s de arrojar bolsos, mochilas e incluso un par de zapatos porque las puertas principales del edificio estaban cerradas.<\/span><\/p>\n<p class=\"p2\"><span style=\"font-size: 14pt;\">Las autoridades dijeron que en una conversaci\u00f3n telef\u00f3nica con Cruz mientras estaba en la iglesia, prometi\u00f3 entregarse si garantizaban que no lo matar\u00edan.<\/span><\/p>\n<p class=\"p2\"><span style=\"font-size: 18pt;\"><strong>Agentes de polic\u00eda fuertemente armados lo detuvieron en la iglesia, que est\u00e1 a unos 15 minutos en auto desde la oficina donde le dispararon a Jorge Mera.<\/strong><\/span><\/p>\n<p>&nbsp;<\/p>\n<p class=\"p2\"><span style=\"font-size: 18pt;\"><strong>LA DETENCI\u00d3N <\/strong><\/span><\/p>\n<p class=\"p2\"><span style=\"font-size: 18pt;\"><strong>Cuando lo sacaron, Fausto Miguel de Jes\u00fas Cruz llevaba puesto un casco y un chaleco antibalas y manten\u00eda la cabeza baja en su mayor parte mientras los anteojos que usaba se deslizaban ligeramente por su nariz. Un transe\u00fante grit\u00f3: \u201c\u00a1Mataste a un buen hombre! \u00a1Asesino!\u00bb<\/strong><\/span><\/p>\n<p class=\"p2\"><span style=\"font-size: 18pt;\"><strong>La v\u00edctima proced\u00eda de una poderosa familia pol\u00edtica. Orlando Jorge Mera era hijo del expresidente dominicano Salvador Jorge Blanco y su hermana es viceministra en la administraci\u00f3n de Abinader. El hijo de Jorge Mera es diputado del Partido Revolucionario Moderno, del cual Jorge fue miembro fundador.<\/strong><\/span><\/p>\n<p>&nbsp;<\/p>\n<figure id=\"attachment_6259\" aria-describedby=\"caption-attachment-6259\" style=\"width: 800px\" class=\"wp-caption aligncenter\"><img loading=\"lazy\" decoding=\"async\" class=\"wp-image-6259 size-large\" src=\"https:\/\/politicosaldesnudo.com.mx\/wp-content\/uploads\/2022\/06\/P-MINISTRORD2-1024x573.png\" alt=\"\" width=\"800\" height=\"448\" \/><figcaption id=\"caption-attachment-6259\" class=\"wp-caption-text\">Fausto Miguel de Jes\u00fas Cruz de la Mota.<\/figcaption><\/figure>\n<p>&nbsp;<\/p>\n<p class=\"p2\"><span style=\"font-size: 18pt;\"><strong>ASESINO ERA UN AMIGO<\/strong><\/span><\/p>\n<p class=\"p2\"><span style=\"font-size: 18pt;\"><strong>La familia emiti\u00f3 un comunicado diciendo que Cruz hab\u00eda sido amigo de Jorge desde la infancia y que Jorge recibi\u00f3 varios disparos.<\/strong><\/span><\/p>\n<blockquote>\n<p class=\"p2\"><span style=\"font-size: 14pt;\">Nuestra familia perdona a la persona que hizo esto. Uno de los mayores legados de Orlando fue no guardar rencor\u201d, dijo.<\/span><\/p>\n<\/blockquote>\n<p class=\"p2\"><span style=\"font-size: 14pt;\">La polic\u00eda y los funcionarios de emergencias invadieron la oficina del Ministerio de Medio Ambiente y Recursos Naturales en la capital de Santo Domingo y prohibieron la entrada mientras los dolientes se reun\u00edan cerca.\u00a0La oficina de Jorge estaba en el cuarto piso de un edificio que tambi\u00e9n alberga el Ministerio de Turismo.<\/span><\/p>\n<blockquote>\n<p class=\"p2\"><span style=\"font-size: 14pt;\">Estamos preocupados por la situaci\u00f3n\u201d, dijo el ministerio de Jorge en un breve comunicado.<\/span><\/p>\n<\/blockquote>\n<p class=\"p2\"><span style=\"font-size: 18pt;\"><strong>Bartolom\u00e9 Pujals, director ejecutivo del Gabinete de Innovaci\u00f3n del gobierno, escribi\u00f3 que lamentaba el asesinato.<\/strong><\/span><\/p>\n<blockquote>\n<p class=\"p2\"><span style=\"font-size: 14pt;\">Su muerte es una tragedia\u201d, dijo Pujals. \u201cLos dominicanos tenemos que unirnos para lograr un pacto por la paz y la convivencia pac\u00edfica. No m\u00e1s violencia\u201d.<\/span><\/p>\n<\/blockquote>\n<p class=\"p2\"><span style=\"font-size: 18pt;\"><strong>Jorge Mera, abogado, fue nombrado ministro de Medio Ambiente y Recursos Naturales en agosto de 2020.<\/strong><\/span><\/p>\n<p>&nbsp;<\/p>\n<p>&nbsp;<\/p>\n<p>&nbsp;<\/p>\n<p>&nbsp;<\/p>\n<p>&nbsp;<\/p>\n<p>&nbsp;<\/p>\n<p>&nbsp;<\/p>\n<p>&nbsp;<\/p>\n<p>&nbsp;<\/p>\n","protected":false},"excerpt":{"rendered":"<p>&nbsp; Santo Domingo.\u00a0 El ministro de Medio Ambiente y Recursos Naturales de Rep\u00fablica Dominicana, hijo de un expresidente, Jorge Mera<\/p>\n","protected":false},"author":4,"featured_media":5048,"comment_status":"closed","ping_status":"closed","sticky":false,"template":"","format":"standard","meta":{"colormag_page_container_layout":"default_layout","colormag_page_sidebar_layout":"default_layout","_jetpack_memberships_contains_paid_content":false,"footnotes":"","jetpack_publicize_message":"","jetpack_publicize_feature_enabled":true,"jetpack_social_post_already_shared":false,"jetpack_social_options":{"image_generator_settings":{"template":"highway","default_image_id":0,"font":"","enabled":false},"version":2}},"categories":[355],"tags":[506,865,864,115],"class_list":["post-5047","post","type-post","status-publish","format-standard","has-post-thumbnail","hentry","category-internacional","tag-asesinato","tag-fausto-miguel-de-jesus","tag-jorge-mera","tag-republica-dominicana"],"jetpack_publicize_connections":[],"jetpack_featured_media_url":"https:\/\/noticiasveracruz.com\/wp-content\/uploads\/2022\/06\/P-MINISTRORD1.png","jetpack_sharing_enabled":true,"publishpress_future_action":{"enabled":false,"date":"2026-05-07 18:11:54","action":"change-status","newStatus":"draft","terms":[],"taxonomy":"category","extraData":[]},"publishpress_future_workflow_manual_trigger":{"enabledWorkflows":[]},"_links":{"self":[{"href":"https:\/\/noticiasveracruz.com\/index.php\/wp-json\/wp\/v2\/posts\/5047","targetHints":{"allow":["GET"]}}],"collection":[{"href":"https:\/\/noticiasveracruz.com\/index.php\/wp-json\/wp\/v2\/posts"}],"about":[{"href":"https:\/\/noticiasveracruz.com\/index.php\/wp-json\/wp\/v2\/types\/post"}],"author":[{"embeddable":true,"href":"https:\/\/noticiasveracruz.com\/index.php\/wp-json\/wp\/v2\/users\/4"}],"replies":[{"embeddable":true,"href":"https:\/\/noticiasveracruz.com\/index.php\/wp-json\/wp\/v2\/comments?post=5047"}],"version-history":[{"count":0,"href":"https:\/\/noticiasveracruz.com\/index.php\/wp-json\/wp\/v2\/posts\/5047\/revisions"}],"wp:featuredmedia":[{"embeddable":true,"href":"https:\/\/noticiasveracruz.com\/index.php\/wp-json\/wp\/v2\/media\/5048"}],"wp:attachment":[{"href":"https:\/\/noticiasveracruz.com\/index.php\/wp-json\/wp\/v2\/media?parent=5047"}],"wp:term":[{"taxonomy":"category","embeddable":true,"href":"https:\/\/noticiasveracruz.com\/index.php\/wp-json\/wp\/v2\/categories?post=5047"},{"taxonomy":"post_tag","embeddable":true,"href":"https:\/\/noticiasveracruz.com\/index.php\/wp-json\/wp\/v2\/tags?post=5047"}],"curies":[{"name":"wp","href":"https:\/\/api.w.org\/{rel}","templated":true}]}}