{"id":50462,"date":"2025-02-17T00:10:46","date_gmt":"2025-02-17T06:10:46","guid":{"rendered":"https:\/\/noticiasveracruz.com\/?p=50462"},"modified":"2025-02-16T23:14:51","modified_gmt":"2025-02-17T05:14:51","slug":"japon-pide-ser-excluido-de-aranceles-reciprocos-de-trump","status":"publish","type":"post","link":"https:\/\/noticiasveracruz.com\/index.php\/2025\/02\/17\/japon-pide-ser-excluido-de-aranceles-reciprocos-de-trump\/","title":{"rendered":"Jap\u00f3n pide ser excluido de aranceles rec\u00edprocos de Trump"},"content":{"rendered":"<p>Las autoridades de Jap\u00f3n solicitaron a Estados Unidos quedar libre de los aranceles comerciales rec\u00edprocos anunciados por el presidente del pa\u00eds, Donald Trump, que entrar\u00edan en vigor no antes de abril de este a\u00f1o para igualar los impuestos que encaran los productos estadunidenses en los mercados extranjeros.<\/p>\n<p>La petici\u00f3n se produjo en un encuentro bilateral entre el ministro de Exteriores nip\u00f3n, Takeshi Iwaya, y su hom\u00f3logo estadunidense, Marco Rubio, celebrado el s\u00e1bado al margen de la Conferencia de Seguridad de M\u00fanich.<\/p>\n<p>Iwaya no s\u00f3lo pidi\u00f3 a Rubio la exclusi\u00f3n de los aranceles -que se aplican entre otros al acero y al aluminio-, tambi\u00e9n manifest\u00f3 su intenci\u00f3n de entablar conversaciones en materia de seguridad entre ambos pa\u00edses \u201cen una fecha pr\u00f3xima\u201d, inform\u00f3 el Ministerio de Exteriores de Jap\u00f3n.<\/p>\n<p>En la misma nota, Exteriores asever\u00f3 que Iwaya y Rubio acordaron que mantendr\u00e1n una \u201ccomunicaci\u00f3n estrecha para fortalecer a\u00fan m\u00e1s las relaciones econ\u00f3micas entre Jap\u00f3n y Estados Unidos\u201d, algo\u00a0<em>a priori\u00a0<\/em>incompatible con las medidas arancelarias de la administraci\u00f3n Trump, contra las que ha \u201cprotestado\u201d el titular de japon\u00e9s de Exteriores.<\/p>\n<p>Estas declaraciones llegan despu\u00e9s de que Trump ordenara este pasado jueves estudiar la imposici\u00f3n, tan pronto como en abril, de aranceles rec\u00edprocos a los socios comerciales de la primera econom\u00eda mundial.<\/p>\n<p>La propuesta del mandatario republicano pasa por la creaci\u00f3n de un sistema personalizado por pa\u00edses que perseguir\u00eda redefinir las relaciones comerciales con cada uno de sus socios y en el que no hay lugar a \u201cexcepciones\u201d, puesto que todas las acciones que se tomen siempre ser\u00e1n \u201crec\u00edprocas\u201d.<\/p>\n<p>Estas medidas tendr\u00edan como objetivo contrarrestar las barreras comerciales de tipo no arancelario, como una legislaci\u00f3n excesivamente reguladora, los diferenciales en el IVA, las subvenciones p\u00fablicas o las pol\u00edticas cambiarias que perjudiquen las exportaciones estadunidenses.<\/p>\n","protected":false},"excerpt":{"rendered":"<p>Las autoridades de Jap\u00f3n solicitaron a Estados Unidos quedar libre de los aranceles comerciales rec\u00edprocos anunciados por el presidente del<\/p>\n","protected":false},"author":4,"featured_media":50463,"comment_status":"closed","ping_status":"closed","sticky":false,"template":"","format":"standard","meta":{"colormag_page_container_layout":"default_layout","colormag_page_sidebar_layout":"default_layout","_jetpack_memberships_contains_paid_content":false,"footnotes":"","jetpack_publicize_message":"","jetpack_publicize_feature_enabled":true,"jetpack_social_post_already_shared":true,"jetpack_social_options":{"image_generator_settings":{"template":"highway","default_image_id":0,"font":"","enabled":false},"version":2}},"categories":[1947],"tags":[],"class_list":["post-50462","post","type-post","status-publish","format-standard","has-post-thumbnail","hentry","category-economia"],"jetpack_publicize_connections":[],"jetpack_featured_media_url":"https:\/\/noticiasveracruz.com\/wp-content\/uploads\/2025\/02\/17396468981506-scaled.jpg","jetpack_sharing_enabled":true,"publishpress_future_action":{"enabled":false,"date":"2026-05-08 13:35:03","action":"change-status","newStatus":"draft","terms":[],"taxonomy":"category","extraData":[]},"publishpress_future_workflow_manual_trigger":{"enabledWorkflows":[]},"_links":{"self":[{"href":"https:\/\/noticiasveracruz.com\/index.php\/wp-json\/wp\/v2\/posts\/50462","targetHints":{"allow":["GET"]}}],"collection":[{"href":"https:\/\/noticiasveracruz.com\/index.php\/wp-json\/wp\/v2\/posts"}],"about":[{"href":"https:\/\/noticiasveracruz.com\/index.php\/wp-json\/wp\/v2\/types\/post"}],"author":[{"embeddable":true,"href":"https:\/\/noticiasveracruz.com\/index.php\/wp-json\/wp\/v2\/users\/4"}],"replies":[{"embeddable":true,"href":"https:\/\/noticiasveracruz.com\/index.php\/wp-json\/wp\/v2\/comments?post=50462"}],"version-history":[{"count":0,"href":"https:\/\/noticiasveracruz.com\/index.php\/wp-json\/wp\/v2\/posts\/50462\/revisions"}],"wp:featuredmedia":[{"embeddable":true,"href":"https:\/\/noticiasveracruz.com\/index.php\/wp-json\/wp\/v2\/media\/50463"}],"wp:attachment":[{"href":"https:\/\/noticiasveracruz.com\/index.php\/wp-json\/wp\/v2\/media?parent=50462"}],"wp:term":[{"taxonomy":"category","embeddable":true,"href":"https:\/\/noticiasveracruz.com\/index.php\/wp-json\/wp\/v2\/categories?post=50462"},{"taxonomy":"post_tag","embeddable":true,"href":"https:\/\/noticiasveracruz.com\/index.php\/wp-json\/wp\/v2\/tags?post=50462"}],"curies":[{"name":"wp","href":"https:\/\/api.w.org\/{rel}","templated":true}]}}