{"id":50453,"date":"2025-02-17T00:07:58","date_gmt":"2025-02-17T06:07:58","guid":{"rendered":"https:\/\/noticiasveracruz.com\/?p=50453"},"modified":"2025-02-16T23:07:43","modified_gmt":"2025-02-17T05:07:43","slug":"sheinbaum-subraya-que-su-gobierno-dara-mucha-fuerza-a-pemex-y-a-fertilizantes","status":"publish","type":"post","link":"https:\/\/noticiasveracruz.com\/index.php\/2025\/02\/17\/sheinbaum-subraya-que-su-gobierno-dara-mucha-fuerza-a-pemex-y-a-fertilizantes\/","title":{"rendered":"Sheinbaum subraya que su gobierno \u00abdar\u00e1 mucha fuerza\u00bb a Pemex y a fertilizantes"},"content":{"rendered":"<p>En el \u00faltimo d\u00eda de su gira por el estado, la presidenta Claudia Sheinbaum Pardo subray\u00f3 que su gobierno rescatar\u00e1 la petroqu\u00edmica de Petr\u00f3leos Mexicanos (Pemex). Le vamos a dar \u201cmucha fuerza\u201d y tambi\u00e9n a los fertilizantes, sostuvo al referir que en el per\u00edodo neoliberal privatizaron Fertimex y la cerraron.<\/p>\n<p>Record\u00f3 que el ex titular del Ejecutivo federal, Andr\u00e9s Manuel L\u00f3pez Obrador \u201cinici\u00f3 el rescate de Pemex. Desendeud\u00f3 a Pemex, comenz\u00f3 a producir petr\u00f3leo, recuper\u00f3 las refiner\u00edas\u201d, y a cargo de la refiner\u00eda Olmeca en Dos Bocas, Para\u00edso, Tabasco, mencion\u00f3 que estuvo la hoy gobernadora Rocio Nahle (como secretaria de Energ\u00eda). \u201cY ahora uno de nuestros objetivos es recuperar la petroqu\u00edmica de Pemex\u201d.<\/p>\n<p>A los pobladores congregados en la Unidad Deportiva Francisco de Jes\u00fas Ortiz Yorio, les dijo: \u201custedes mejor que nadie sabe, porque lo vivieron aqu\u00ed, lo que represent\u00f3 todo el periodo neoliberal -de 1982-2018-, que fue muy da\u00f1ino para nuestro pa\u00eds.<\/p>\n<p>\u201c36 a\u00f1os de un periodo donde vendieron todas las empresas del Estado, privatizaron las empresas y quisieron pr\u00e1cticamente destruir a Pemex para volver a entregar los recursos naturales, el petr\u00f3leo, a empresas extranjeras y empresas privadas\u201d, afirm\u00f3.<\/p>\n<p>Hasta 2018, que lleg\u00f3 a la Presidencia Andr\u00e9s Manuel L\u00f3pez Obrador, continu\u00f3 la mandataria.<\/p>\n<p>Aqu\u00ed -agreg\u00f3- \u201cvivieron durante a\u00f1os esa ca\u00edda de Pemex: c\u00f3mo se fueron perdiendo empleos y la fuerza que dio Pemex al golfo de\u2026 \u201c \u00a1M\u00e9xico!, core\u00f3 la gente.<\/p>\n<p>La presidenta anticip\u00f3 su visita privada, al t\u00e9rmino de la asamblea, al Complejo Petroqu\u00edmico Escol\u00edn, en Poza Rica, para abordar el proyecto de rescate a la petroqu\u00edmica.<\/p>\n<p>Record\u00f3 que hace a\u00f1os, Nahle la llev\u00f3 al complejo de Fertimex, en Coatzacoalcos.<\/p>\n<p>\u201cY me ense\u00f1\u00f3 c\u00f3mo esa empresa que produc\u00eda todos los fertilizantes para el campo mexicano la privatizaron y en unos a\u00f1os, que supuestamente con los privados se iba a recuperar y a producir m\u00e1s, la cerraron\u201d.<\/p>\n<p>Un complejo grand\u00edsimo, subray\u00f3, que fue cerrado. \u201cAhora estamos recuperando que Pemex produzca fertilizantes, distinto a aquella \u00e9poca y le vamos a dar mucha fuerza a los fertilizantes y a la petroqu\u00edmica.<br \/>\nEsa es una de las razones por las que estamos aqu\u00ed\u201d, sostuvo.<\/p>\n<p>Sheinbaum Pardo anunci\u00f3 que enviar\u00e1 al Congreso de la Uni\u00f3n una iniciativa para elevar a rango constitucional la Pensi\u00f3n Mujeres Bienestar, la beca universal \u201cRita Cetina Guti\u00e9rrez\u201d y Salud Casa por Casa.<\/p>\n<p>A la visita la acompa\u00f1aron, adem\u00e1s la secretaria de Energ\u00eda, Luz Elena Gonz\u00e1lez, y el director de Pemex, V\u00edctor Rodr\u00edguez.<\/p>\n","protected":false},"excerpt":{"rendered":"<p>En el \u00faltimo d\u00eda de su gira por el estado, la presidenta Claudia Sheinbaum Pardo subray\u00f3 que su gobierno rescatar\u00e1<\/p>\n","protected":false},"author":4,"featured_media":50454,"comment_status":"closed","ping_status":"closed","sticky":false,"template":"","format":"standard","meta":{"colormag_page_container_layout":"default_layout","colormag_page_sidebar_layout":"default_layout","_jetpack_memberships_contains_paid_content":false,"footnotes":"","jetpack_publicize_message":"","jetpack_publicize_feature_enabled":true,"jetpack_social_post_already_shared":true,"jetpack_social_options":{"image_generator_settings":{"template":"highway","default_image_id":0,"font":"","enabled":false},"version":2}},"categories":[4],"tags":[],"class_list":["post-50453","post","type-post","status-publish","format-standard","has-post-thumbnail","hentry","category-nacional"],"jetpack_publicize_connections":[],"jetpack_featured_media_url":"https:\/\/noticiasveracruz.com\/wp-content\/uploads\/2025\/02\/AA1ytFcE.jpg","jetpack_sharing_enabled":true,"publishpress_future_action":{"enabled":false,"date":"2026-05-10 04:42:00","action":"change-status","newStatus":"draft","terms":[],"taxonomy":"category","extraData":[]},"publishpress_future_workflow_manual_trigger":{"enabledWorkflows":[]},"_links":{"self":[{"href":"https:\/\/noticiasveracruz.com\/index.php\/wp-json\/wp\/v2\/posts\/50453","targetHints":{"allow":["GET"]}}],"collection":[{"href":"https:\/\/noticiasveracruz.com\/index.php\/wp-json\/wp\/v2\/posts"}],"about":[{"href":"https:\/\/noticiasveracruz.com\/index.php\/wp-json\/wp\/v2\/types\/post"}],"author":[{"embeddable":true,"href":"https:\/\/noticiasveracruz.com\/index.php\/wp-json\/wp\/v2\/users\/4"}],"replies":[{"embeddable":true,"href":"https:\/\/noticiasveracruz.com\/index.php\/wp-json\/wp\/v2\/comments?post=50453"}],"version-history":[{"count":0,"href":"https:\/\/noticiasveracruz.com\/index.php\/wp-json\/wp\/v2\/posts\/50453\/revisions"}],"wp:featuredmedia":[{"embeddable":true,"href":"https:\/\/noticiasveracruz.com\/index.php\/wp-json\/wp\/v2\/media\/50454"}],"wp:attachment":[{"href":"https:\/\/noticiasveracruz.com\/index.php\/wp-json\/wp\/v2\/media?parent=50453"}],"wp:term":[{"taxonomy":"category","embeddable":true,"href":"https:\/\/noticiasveracruz.com\/index.php\/wp-json\/wp\/v2\/categories?post=50453"},{"taxonomy":"post_tag","embeddable":true,"href":"https:\/\/noticiasveracruz.com\/index.php\/wp-json\/wp\/v2\/tags?post=50453"}],"curies":[{"name":"wp","href":"https:\/\/api.w.org\/{rel}","templated":true}]}}