{"id":50447,"date":"2025-02-17T00:05:19","date_gmt":"2025-02-17T06:05:19","guid":{"rendered":"https:\/\/noticiasveracruz.com\/?p=50447"},"modified":"2025-02-16T23:04:11","modified_gmt":"2025-02-17T05:04:11","slug":"entrega-senado-al-ine-lista-de-aspirantes-para-eleccion-judicial","status":"publish","type":"post","link":"https:\/\/noticiasveracruz.com\/index.php\/2025\/02\/17\/entrega-senado-al-ine-lista-de-aspirantes-para-eleccion-judicial\/","title":{"rendered":"Entrega Senado al INE lista de aspirantes para elecci\u00f3n judicial"},"content":{"rendered":"<p>Este domingo, tras vencer el plazo de 48 horas para corregir diversas \u201cinconsistencias\u201d detectadas en las listas de los 4 mil 224 candidatos a un cargo del Poder Judicial, este mediod\u00eda, el Senado entreg\u00f3 al Instituto Nacional Electoral (INE) la actualizaci\u00f3n de esta base de datos, la cual se utilizar\u00e1 para la impresi\u00f3n de las boletas electorales.<\/p>\n<p>Con los ajustes solicitados a las listas, ma\u00f1ana el INE perfila aprobar el informe de las actividades realizadas por la Secretar\u00eda Ejecutiva respecto a la recepci\u00f3n de los listados de candidaturas del proceso electoral judicial, a fin de publicarlas en el micrositio que se llamar\u00e1 \u201cCon\u00f3celes\u201d, donde la ciudadan\u00eda podr\u00e1 revisar los datos b\u00e1sicos de los aspirantes de sus respectivos distritos electorales por los que podr\u00eda votar el pr\u00f3ximo 1 de junio.<\/p>\n<p>Ayer, se ten\u00eda prevista la sesi\u00f3n extraordinaria del Consejo General del instituto para dar luz verde a la publicaci\u00f3n de las listas de candidaturas, pero despu\u00e9s se cancel\u00f3 porque el INE inform\u00f3 que esperar\u00eda la respuesta del Senado con las correcciones solicitadas desde el pasado viernes.<\/p>\n<p>En la carta que se le entreg\u00f3 a la C\u00e1mara alta, el \u00f3rgano electoral le indic\u00f3 que luego de un an\u00e1lisis inicial \u201cse detectaron diversas inconsistencias\u201d, como espacios vac\u00edos en el formato utilizado, as\u00ed como faltantes de datos b\u00e1sicos de los aspirantes, como n\u00famero telef\u00f3nico, CURP, clave de elector o fecha de nacimiento.<\/p>\n<p>Hoy, tras la entrega de las listas que, seg\u00fan el Senado, ya fueron corregidas conforme a lo que solicit\u00f3 el instituto, ma\u00f1ana se llevar\u00e1 a cabo la sesi\u00f3n extraordinaria para aprobar estos listados y con ello tener la base de datos para subirlos a la plataforma digital, as\u00ed como para continuar con la fase de la impresi\u00f3n de m\u00e1s de 600 boletas electorales en los Talleres Gr\u00e1ficos de M\u00e9xico, para que en la segunda quincena de mayo est\u00e9 listo este material electoral.<\/p>\n","protected":false},"excerpt":{"rendered":"<p>Este domingo, tras vencer el plazo de 48 horas para corregir diversas \u201cinconsistencias\u201d detectadas en las listas de los 4<\/p>\n","protected":false},"author":4,"featured_media":50448,"comment_status":"closed","ping_status":"closed","sticky":false,"template":"","format":"standard","meta":{"colormag_page_container_layout":"default_layout","colormag_page_sidebar_layout":"default_layout","_jetpack_memberships_contains_paid_content":false,"footnotes":"","jetpack_publicize_message":"","jetpack_publicize_feature_enabled":true,"jetpack_social_post_already_shared":true,"jetpack_social_options":{"image_generator_settings":{"template":"highway","default_image_id":0,"font":"","enabled":false},"version":2}},"categories":[4],"tags":[],"class_list":["post-50447","post","type-post","status-publish","format-standard","has-post-thumbnail","hentry","category-nacional"],"jetpack_publicize_connections":[],"jetpack_featured_media_url":"https:\/\/noticiasveracruz.com\/wp-content\/uploads\/2025\/02\/WhatsApp-Image-2025-02-12-at-7.36.17-PM.jpeg","jetpack_sharing_enabled":true,"publishpress_future_action":{"enabled":false,"date":"2026-05-09 06:08:57","action":"change-status","newStatus":"draft","terms":[],"taxonomy":"category","extraData":[]},"publishpress_future_workflow_manual_trigger":{"enabledWorkflows":[]},"_links":{"self":[{"href":"https:\/\/noticiasveracruz.com\/index.php\/wp-json\/wp\/v2\/posts\/50447","targetHints":{"allow":["GET"]}}],"collection":[{"href":"https:\/\/noticiasveracruz.com\/index.php\/wp-json\/wp\/v2\/posts"}],"about":[{"href":"https:\/\/noticiasveracruz.com\/index.php\/wp-json\/wp\/v2\/types\/post"}],"author":[{"embeddable":true,"href":"https:\/\/noticiasveracruz.com\/index.php\/wp-json\/wp\/v2\/users\/4"}],"replies":[{"embeddable":true,"href":"https:\/\/noticiasveracruz.com\/index.php\/wp-json\/wp\/v2\/comments?post=50447"}],"version-history":[{"count":0,"href":"https:\/\/noticiasveracruz.com\/index.php\/wp-json\/wp\/v2\/posts\/50447\/revisions"}],"wp:featuredmedia":[{"embeddable":true,"href":"https:\/\/noticiasveracruz.com\/index.php\/wp-json\/wp\/v2\/media\/50448"}],"wp:attachment":[{"href":"https:\/\/noticiasveracruz.com\/index.php\/wp-json\/wp\/v2\/media?parent=50447"}],"wp:term":[{"taxonomy":"category","embeddable":true,"href":"https:\/\/noticiasveracruz.com\/index.php\/wp-json\/wp\/v2\/categories?post=50447"},{"taxonomy":"post_tag","embeddable":true,"href":"https:\/\/noticiasveracruz.com\/index.php\/wp-json\/wp\/v2\/tags?post=50447"}],"curies":[{"name":"wp","href":"https:\/\/api.w.org\/{rel}","templated":true}]}}