{"id":50444,"date":"2025-02-17T00:04:25","date_gmt":"2025-02-17T06:04:25","guid":{"rendered":"https:\/\/noticiasveracruz.com\/?p=50444"},"modified":"2025-02-16T22:50:15","modified_gmt":"2025-02-17T04:50:15","slug":"supervisan-planta-de-fertilizantes","status":"publish","type":"post","link":"https:\/\/noticiasveracruz.com\/index.php\/2025\/02\/17\/supervisan-planta-de-fertilizantes\/","title":{"rendered":"Supervisan planta de fertilizantes"},"content":{"rendered":"<p>Para fortalecer la producci\u00f3n de fertilizantes e impulsar el campo mexicano, la presidenta Claudia Sheinbaum Pardo y la gobernadora Roc\u00edo Nahle Garc\u00eda supervisaron el Complejo Petroqu\u00edmico Escol\u00edn en Poza Rica, como parte del cierre de una gira de trabajo de tres d\u00edas.<\/p>\n<p>Previamente la Presidenta destac\u00f3 que la recuperaci\u00f3n de la petroqu\u00edmica de Pemex es una prioridad de su administraci\u00f3n, en continuidad con la pol\u00edtica impulsada por el expresidente Andr\u00e9s Manuel L\u00f3pez Obrador para fortalecer a la empresa productiva del Estado.<\/p>\n<p>\u00abNuestro objetivo es recuperar la petroqu\u00edmica de Pemex. Ustedes mejor que nadie sabe c\u00f3mo el periodo neoliberal afect\u00f3 a M\u00e9xico y a esta regi\u00f3n. Ahora vamos a fortalecer la producci\u00f3n de fertilizantes para impulsar el campo mexicano\u00bb, afirm\u00f3.<\/p>\n<p>Por su parte, la gobernadora Roc\u00edo Nahle subray\u00f3 la importancia estrat\u00e9gica de la planta de fertilizantes para la reactivaci\u00f3n econ\u00f3mica de la zona y reafirm\u00f3 el compromiso de su gobierno para apoyar con el prop\u00f3sito de abastecer a los municipios del norte de Veracruz y fortalecer el sector agr\u00edcola.<\/p>\n<p>Acompa\u00f1aron el recorrido la secretaria de Energ\u00eda, Luz Elena Gonz\u00e1lez Escobar, y el director general de Petr\u00f3leos Mexicanos (Pemex), V\u00edctor Rodr\u00edguez Padilla.<\/p>\n","protected":false},"excerpt":{"rendered":"<p>Para fortalecer la producci\u00f3n de fertilizantes e impulsar el campo mexicano, la presidenta Claudia Sheinbaum Pardo y la gobernadora Roc\u00edo<\/p>\n","protected":false},"author":4,"featured_media":50445,"comment_status":"closed","ping_status":"closed","sticky":false,"template":"","format":"standard","meta":{"colormag_page_container_layout":"default_layout","colormag_page_sidebar_layout":"default_layout","_jetpack_memberships_contains_paid_content":false,"footnotes":"","jetpack_publicize_message":"","jetpack_publicize_feature_enabled":true,"jetpack_social_post_already_shared":true,"jetpack_social_options":{"image_generator_settings":{"template":"highway","default_image_id":0,"font":"","enabled":false},"version":2}},"categories":[356],"tags":[],"class_list":["post-50444","post","type-post","status-publish","format-standard","has-post-thumbnail","hentry","category-veracruz"],"jetpack_publicize_connections":[],"jetpack_featured_media_url":"https:\/\/noticiasveracruz.com\/wp-content\/uploads\/2025\/02\/8a-2.jpg","jetpack_sharing_enabled":true,"publishpress_future_action":{"enabled":false,"date":"2026-05-09 05:14:24","action":"change-status","newStatus":"draft","terms":[],"taxonomy":"category","extraData":[]},"publishpress_future_workflow_manual_trigger":{"enabledWorkflows":[]},"_links":{"self":[{"href":"https:\/\/noticiasveracruz.com\/index.php\/wp-json\/wp\/v2\/posts\/50444","targetHints":{"allow":["GET"]}}],"collection":[{"href":"https:\/\/noticiasveracruz.com\/index.php\/wp-json\/wp\/v2\/posts"}],"about":[{"href":"https:\/\/noticiasveracruz.com\/index.php\/wp-json\/wp\/v2\/types\/post"}],"author":[{"embeddable":true,"href":"https:\/\/noticiasveracruz.com\/index.php\/wp-json\/wp\/v2\/users\/4"}],"replies":[{"embeddable":true,"href":"https:\/\/noticiasveracruz.com\/index.php\/wp-json\/wp\/v2\/comments?post=50444"}],"version-history":[{"count":0,"href":"https:\/\/noticiasveracruz.com\/index.php\/wp-json\/wp\/v2\/posts\/50444\/revisions"}],"wp:featuredmedia":[{"embeddable":true,"href":"https:\/\/noticiasveracruz.com\/index.php\/wp-json\/wp\/v2\/media\/50445"}],"wp:attachment":[{"href":"https:\/\/noticiasveracruz.com\/index.php\/wp-json\/wp\/v2\/media?parent=50444"}],"wp:term":[{"taxonomy":"category","embeddable":true,"href":"https:\/\/noticiasveracruz.com\/index.php\/wp-json\/wp\/v2\/categories?post=50444"},{"taxonomy":"post_tag","embeddable":true,"href":"https:\/\/noticiasveracruz.com\/index.php\/wp-json\/wp\/v2\/tags?post=50444"}],"curies":[{"name":"wp","href":"https:\/\/api.w.org\/{rel}","templated":true}]}}