{"id":50435,"date":"2025-02-17T00:01:53","date_gmt":"2025-02-17T06:01:53","guid":{"rendered":"https:\/\/noticiasveracruz.com\/?p=50435"},"modified":"2025-02-16T22:47:01","modified_gmt":"2025-02-17T04:47:01","slug":"presidenta-y-gobernadora-construiran-mas-escuelas","status":"publish","type":"post","link":"https:\/\/noticiasveracruz.com\/index.php\/2025\/02\/17\/presidenta-y-gobernadora-construiran-mas-escuelas\/","title":{"rendered":"Presidenta y Gobernadora construir\u00e1n m\u00e1s escuelas"},"content":{"rendered":"<p>La gobernadora Roc\u00edo Nahle Garc\u00eda dio la bienvenida a la presidenta de M\u00e9xico, Claudia Sheinbaum Pardo, quien, en su segundo d\u00eda de gira por Veracruz, visit\u00f3 este municipio citr\u00edcola para entregar 866 tarjetas del Banco del Bienestar correspondientes a la beca universal Rita Cetina.<\/p>\n<p>Durante su mensaje, destac\u00f3 la sensibilidad de la Presidenta: \u201cEscucha todo, salud, carreteras, infraestructura, pero, por su vocaci\u00f3n acad\u00e9mica y cient\u00edfica, es una gran mujer. Su vocaci\u00f3n es la educaci\u00f3n, sabiendo que para nuestros ni\u00f1os y nuestras ni\u00f1as es la base de todo\u201d.<\/p>\n<p>\u201cTenemos una visita de lujo, nuestra Presidenta. Desde el viernes comenzamos con la gira, y ver el cari\u00f1o que el pueblo veracruzano, especialmente las mujeres, ha externado en los diferentes eventos, habla de la calidad, el tama\u00f1o y la estatura que tiene nuestra presidenta Claudia Sheinbaum Pardo. No cabe duda, elegimos, elegimos bien\u201d, expres\u00f3 a madres, padres, familias y tutores de la Escuela Secundaria General Jos\u00e9 Mar\u00eda Mata.<\/p>\n<p>Por su parte, la Presidenta elogi\u00f3 el trabajo incansable de la Gobernadora durante sus primeros 60 d\u00edas de gesti\u00f3n, reconociendo la dedicaci\u00f3n de su administraci\u00f3n, y se comprometi\u00f3 a que juntas continuar\u00e1n trabajando para ampliar la cobertura educativa en el estado, mediante la construcci\u00f3n de m\u00e1s preparatorias y universidades p\u00fablicas.<\/p>\n","protected":false},"excerpt":{"rendered":"<p>La gobernadora Roc\u00edo Nahle Garc\u00eda dio la bienvenida a la presidenta de M\u00e9xico, Claudia Sheinbaum Pardo, quien, en su segundo<\/p>\n","protected":false},"author":4,"featured_media":50436,"comment_status":"closed","ping_status":"closed","sticky":false,"template":"","format":"standard","meta":{"colormag_page_container_layout":"default_layout","colormag_page_sidebar_layout":"default_layout","_jetpack_memberships_contains_paid_content":false,"footnotes":"","jetpack_publicize_message":"","jetpack_publicize_feature_enabled":true,"jetpack_social_post_already_shared":true,"jetpack_social_options":{"image_generator_settings":{"template":"highway","default_image_id":0,"font":"","enabled":false},"version":2}},"categories":[356],"tags":[],"class_list":["post-50435","post","type-post","status-publish","format-standard","has-post-thumbnail","hentry","category-veracruz"],"jetpack_publicize_connections":[],"jetpack_featured_media_url":"https:\/\/noticiasveracruz.com\/wp-content\/uploads\/2025\/02\/9c-8-scaled.jpg","jetpack_sharing_enabled":true,"publishpress_future_action":{"enabled":false,"date":"2026-05-07 05:30:03","action":"change-status","newStatus":"draft","terms":[],"taxonomy":"category","extraData":[]},"publishpress_future_workflow_manual_trigger":{"enabledWorkflows":[]},"_links":{"self":[{"href":"https:\/\/noticiasveracruz.com\/index.php\/wp-json\/wp\/v2\/posts\/50435","targetHints":{"allow":["GET"]}}],"collection":[{"href":"https:\/\/noticiasveracruz.com\/index.php\/wp-json\/wp\/v2\/posts"}],"about":[{"href":"https:\/\/noticiasveracruz.com\/index.php\/wp-json\/wp\/v2\/types\/post"}],"author":[{"embeddable":true,"href":"https:\/\/noticiasveracruz.com\/index.php\/wp-json\/wp\/v2\/users\/4"}],"replies":[{"embeddable":true,"href":"https:\/\/noticiasveracruz.com\/index.php\/wp-json\/wp\/v2\/comments?post=50435"}],"version-history":[{"count":0,"href":"https:\/\/noticiasveracruz.com\/index.php\/wp-json\/wp\/v2\/posts\/50435\/revisions"}],"wp:featuredmedia":[{"embeddable":true,"href":"https:\/\/noticiasveracruz.com\/index.php\/wp-json\/wp\/v2\/media\/50436"}],"wp:attachment":[{"href":"https:\/\/noticiasveracruz.com\/index.php\/wp-json\/wp\/v2\/media?parent=50435"}],"wp:term":[{"taxonomy":"category","embeddable":true,"href":"https:\/\/noticiasveracruz.com\/index.php\/wp-json\/wp\/v2\/categories?post=50435"},{"taxonomy":"post_tag","embeddable":true,"href":"https:\/\/noticiasveracruz.com\/index.php\/wp-json\/wp\/v2\/tags?post=50435"}],"curies":[{"name":"wp","href":"https:\/\/api.w.org\/{rel}","templated":true}]}}