{"id":50421,"date":"2025-02-16T00:19:18","date_gmt":"2025-02-16T06:19:18","guid":{"rendered":"https:\/\/noticiasveracruz.com\/?p=50421"},"modified":"2025-02-15T21:37:07","modified_gmt":"2025-02-16T03:37:07","slug":"bloquea-zelensky-propuesta-de-eu-para-acceder-a-recursos-mineros","status":"publish","type":"post","link":"https:\/\/noticiasveracruz.com\/index.php\/2025\/02\/16\/bloquea-zelensky-propuesta-de-eu-para-acceder-a-recursos-mineros\/","title":{"rendered":"Bloquea Zelensky propuesta de EU para acceder a recursos mineros"},"content":{"rendered":"<p>El presidente ucraniano, Volodimir Zelensky, anunci\u00f3 este s\u00e1bado que bloque\u00f3 un acuerdo propuesto por el presidente estadounidense, Donald Trump, para dar acceso a Estados Unidos a los recursos mineros estrat\u00e9gicos, ya que afirm\u00f3 que \u00e9ste no incluye \u00abgarant\u00edas de seguridad\u00bb para su pa\u00eds.<\/p>\n<p>\u00abNo autoric\u00e9 a los ministros a firmar el acuerdo porque no est\u00e1 listo. En mi opini\u00f3n, no nos protege\u00bb, declar\u00f3 Zelensky a la prensa durante la Conferencia de Seguridad de M\u00fanich. El mandatario ucraniano agreg\u00f3 que el acuerdo debe \u00abestar vinculado a garant\u00edas de seguridad\u00bb.<\/p>\n<p>Por otro lado,\u00a0Volodimir Zelensky, afirm\u00f3 que ha llegado el momento de crear unas \u201cFuerzas Armadas de Europa\u201d y que la lucha de su pa\u00eds contra Rusia ha demostrado que ya hay una base para ello.<\/p>\n<p>El l\u00edder ucranio afirm\u00f3 que no se puede descartar la posibilidad de que \u201cEstados Unidos pueda decir que no a Europa en cuestiones que la amenazan\u201d, y destac\u00f3 que muchos l\u00edderes llevan tiempo hablando sobre la necesidad de que el continente tenga su propio ej\u00e9rcito.<\/p>\n<p>\u201cRealmente creo que ha llegado el momento\u201d, dijo Zelensky en la Conferencia de Seguridad de M\u00fanich. \u201cLas Fuerzas Armadas de Europa deben ser creadas\u201d.<\/p>\n<p>Zelensky aludi\u00f3 tambi\u00e9n a una conversaci\u00f3n telef\u00f3nica entre el presidente de Estados Unidos, Donald Trump, y su hom\u00f3logo ruso, Vladimir Putin, tras la cual Trump dijo que los dos l\u00edderes podr\u00edan reunirse pronto para negociar un acuerdo de paz para Ucrania. El estadunidense le asegur\u00f3 m\u00e1s tarde a Zelensky que \u00e9l tambi\u00e9n tendr\u00eda un lugar en la mesa para poner fin a la guerra originada por la invasi\u00f3n rusa a gran escala de febrero de 2022.<\/p>\n<p>\u201cUcrania nunca aceptar\u00e1 acuerdos hechos a nuestras espaldas sin nuestra participaci\u00f3n, y la misma regla debe aplicarse a toda Europa\u201d, afirm\u00f3 el mandatario.<\/p>\n","protected":false},"excerpt":{"rendered":"<p>El presidente ucraniano, Volodimir Zelensky, anunci\u00f3 este s\u00e1bado que bloque\u00f3 un acuerdo propuesto por el presidente estadounidense, Donald Trump, para<\/p>\n","protected":false},"author":4,"featured_media":50422,"comment_status":"closed","ping_status":"closed","sticky":false,"template":"","format":"standard","meta":{"colormag_page_container_layout":"default_layout","colormag_page_sidebar_layout":"default_layout","_jetpack_memberships_contains_paid_content":false,"footnotes":"","jetpack_publicize_message":"","jetpack_publicize_feature_enabled":true,"jetpack_social_post_already_shared":true,"jetpack_social_options":{"image_generator_settings":{"template":"highway","default_image_id":0,"font":"","enabled":false},"version":2}},"categories":[355],"tags":[],"class_list":["post-50421","post","type-post","status-publish","format-standard","has-post-thumbnail","hentry","category-internacional"],"jetpack_publicize_connections":[],"jetpack_featured_media_url":"https:\/\/noticiasveracruz.com\/wp-content\/uploads\/2025\/02\/ZE.jpg","jetpack_sharing_enabled":true,"publishpress_future_action":{"enabled":false,"date":"2026-05-07 20:31:20","action":"change-status","newStatus":"draft","terms":[],"taxonomy":"category","extraData":[]},"publishpress_future_workflow_manual_trigger":{"enabledWorkflows":[]},"_links":{"self":[{"href":"https:\/\/noticiasveracruz.com\/index.php\/wp-json\/wp\/v2\/posts\/50421","targetHints":{"allow":["GET"]}}],"collection":[{"href":"https:\/\/noticiasveracruz.com\/index.php\/wp-json\/wp\/v2\/posts"}],"about":[{"href":"https:\/\/noticiasveracruz.com\/index.php\/wp-json\/wp\/v2\/types\/post"}],"author":[{"embeddable":true,"href":"https:\/\/noticiasveracruz.com\/index.php\/wp-json\/wp\/v2\/users\/4"}],"replies":[{"embeddable":true,"href":"https:\/\/noticiasveracruz.com\/index.php\/wp-json\/wp\/v2\/comments?post=50421"}],"version-history":[{"count":0,"href":"https:\/\/noticiasveracruz.com\/index.php\/wp-json\/wp\/v2\/posts\/50421\/revisions"}],"wp:featuredmedia":[{"embeddable":true,"href":"https:\/\/noticiasveracruz.com\/index.php\/wp-json\/wp\/v2\/media\/50422"}],"wp:attachment":[{"href":"https:\/\/noticiasveracruz.com\/index.php\/wp-json\/wp\/v2\/media?parent=50421"}],"wp:term":[{"taxonomy":"category","embeddable":true,"href":"https:\/\/noticiasveracruz.com\/index.php\/wp-json\/wp\/v2\/categories?post=50421"},{"taxonomy":"post_tag","embeddable":true,"href":"https:\/\/noticiasveracruz.com\/index.php\/wp-json\/wp\/v2\/tags?post=50421"}],"curies":[{"name":"wp","href":"https:\/\/api.w.org\/{rel}","templated":true}]}}