{"id":50418,"date":"2025-02-16T00:18:32","date_gmt":"2025-02-16T06:18:32","guid":{"rendered":"https:\/\/noticiasveracruz.com\/?p=50418"},"modified":"2025-02-15T21:35:21","modified_gmt":"2025-02-16T03:35:21","slug":"acuerdan-lavrov-y-rubio-cooperacion-para-resolver-conflicto-en-ucrania","status":"publish","type":"post","link":"https:\/\/noticiasveracruz.com\/index.php\/2025\/02\/16\/acuerdan-lavrov-y-rubio-cooperacion-para-resolver-conflicto-en-ucrania\/","title":{"rendered":"Acuerdan Lavrov y Rubio \u00abcooperaci\u00f3n\u00bb para resolver conflicto en Ucrania"},"content":{"rendered":"<p>Rusia afirm\u00f3 este s\u00e1bado que el canciller ruso, Sergu\u00e9i Lavrov, y el secretario de Estado estadunidense, Marco Rubio, expresaron su voluntad de \u00abcooperaci\u00f3n\u00bb en cuestiones internacionales, incluida Ucrania, durante una conversaci\u00f3n telef\u00f3nica.<\/p>\n<p>El Ministerio de Relaciones Exteriores de Rusia inform\u00f3 que ambos diplom\u00e1ticos expresaron en una llamada una \u00abvoluntad mutua de cooperaci\u00f3n en temas internacionales de actualidad, incluyendo un acuerdo en torno a Ucrania, la situaci\u00f3n en torno a Palestina y todo Oriente Medio, as\u00ed como otras \u00e1reas de la regi\u00f3n\u00bb.<\/p>\n","protected":false},"excerpt":{"rendered":"<p>Rusia afirm\u00f3 este s\u00e1bado que el canciller ruso, Sergu\u00e9i Lavrov, y el secretario de Estado estadunidense, Marco Rubio, expresaron su voluntad de \u00abcooperaci\u00f3n\u00bb en cuestiones internacionales, incluida Ucrania, durante una conversaci\u00f3n telef\u00f3nica. El Ministerio de Relaciones Exteriores de Rusia inform\u00f3 que ambos diplom\u00e1ticos expresaron en una llamada una \u00abvoluntad mutua de cooperaci\u00f3n en temas internacionales [&hellip;]<\/p>\n","protected":false},"author":4,"featured_media":50419,"comment_status":"closed","ping_status":"closed","sticky":false,"template":"","format":"standard","meta":{"_jetpack_newsletter_access":"","_jetpack_dont_email_post_to_subs":false,"_jetpack_newsletter_tier_id":0,"_jetpack_memberships_contains_paywalled_content":false,"_jetpack_feature_clip_id":0,"_jetpack_memberships_contains_paid_content":false,"footnotes":"","jetpack_publicize_message":"","jetpack_publicize_feature_enabled":true,"jetpack_social_post_already_shared":true,"jetpack_social_options":{"image_generator_settings":{"template":"highway","default_image_id":0,"font":"","enabled":false},"version":2},"jetpack_post_was_ever_published":false},"categories":[355],"tags":[],"class_list":["post-50418","post","type-post","status-publish","format-standard","has-post-thumbnail","hentry","category-internacional"],"jetpack_publicize_connections":[],"jetpack_sharing_enabled":true,"publishpress_future_action":{"enabled":false,"date":"2026-09-08 06:54:29","action":"change-status","newStatus":"draft","terms":[],"taxonomy":"category","extraData":[]},"publishpress_future_workflow_manual_trigger":{"enabledWorkflows":[]},"jetpack_featured_media_url":"https:\/\/noticiasveracruz.com\/wp-content\/uploads\/2025\/02\/KO.jpg","_links":{"self":[{"href":"https:\/\/noticiasveracruz.com\/index.php\/wp-json\/wp\/v2\/posts\/50418","targetHints":{"allow":["GET"]}}],"collection":[{"href":"https:\/\/noticiasveracruz.com\/index.php\/wp-json\/wp\/v2\/posts"}],"about":[{"href":"https:\/\/noticiasveracruz.com\/index.php\/wp-json\/wp\/v2\/types\/post"}],"author":[{"embeddable":true,"href":"https:\/\/noticiasveracruz.com\/index.php\/wp-json\/wp\/v2\/users\/4"}],"replies":[{"embeddable":true,"href":"https:\/\/noticiasveracruz.com\/index.php\/wp-json\/wp\/v2\/comments?post=50418"}],"version-history":[{"count":0,"href":"https:\/\/noticiasveracruz.com\/index.php\/wp-json\/wp\/v2\/posts\/50418\/revisions"}],"wp:featuredmedia":[{"embeddable":true,"href":"https:\/\/noticiasveracruz.com\/index.php\/wp-json\/wp\/v2\/media\/50419"}],"wp:attachment":[{"href":"https:\/\/noticiasveracruz.com\/index.php\/wp-json\/wp\/v2\/media?parent=50418"}],"wp:term":[{"taxonomy":"category","embeddable":true,"href":"https:\/\/noticiasveracruz.com\/index.php\/wp-json\/wp\/v2\/categories?post=50418"},{"taxonomy":"post_tag","embeddable":true,"href":"https:\/\/noticiasveracruz.com\/index.php\/wp-json\/wp\/v2\/tags?post=50418"}],"curies":[{"name":"wp","href":"https:\/\/api.w.org\/{rel}","templated":true}]}}