{"id":50412,"date":"2025-02-16T00:16:21","date_gmt":"2025-02-16T06:16:21","guid":{"rendered":"https:\/\/noticiasveracruz.com\/?p=50412"},"modified":"2025-02-15T21:28:41","modified_gmt":"2025-02-16T03:28:41","slug":"baja-numero-de-migrantes-que-cruzan-de-guatemala-a-mexico-por-el-rio-suchiate","status":"publish","type":"post","link":"https:\/\/noticiasveracruz.com\/index.php\/2025\/02\/16\/baja-numero-de-migrantes-que-cruzan-de-guatemala-a-mexico-por-el-rio-suchiate\/","title":{"rendered":"Baja n\u00famero de migrantes que cruzan de Guatemala a M\u00e9xico por el r\u00edo Suchiate"},"content":{"rendered":"<p>El flujo de migrantes en la frontera entre M\u00e9xico y Guatemala cay\u00f3 m\u00e1s del 90 por ciento en las \u00faltimas semanas, aseguraron comerciantes y balseros que operan en las m\u00e1rgenes del r\u00edo Suchiate, lim\u00edtrofe entre ambos pa\u00edses.<\/p>\n<p>La reducci\u00f3n del cruce ilegal de personas comenz\u00f3 desde que Donald Trump asumi\u00f3 la Presidencia de Estados Unidos el pasado 20 de enero y endureci\u00f3 las medidas en contra de los migrantes.<\/p>\n<p>\u201cAntes pasaban hasta 2 mil personas diarias, pero desde Trump ahora apenas pasan unos 100 o 200, muy pocos\u201d, expres\u00f3 un balsero que pidi\u00f3 el anonimato y que labora desde hace una d\u00e9cada en el afluente cruzando mercanc\u00edas y personas en la frontera.<\/p>\n<p>Heyman V\u00e1zquez Medina, miembro de la Pastoral de Movilidad Humana de la iglesia cat\u00f3lica, dijo que el comedor para migrantes en la parroquia Santiago Ap\u00f3stol de Suchiate brinda alimento apenas a unos 30 extranjeros diariamente, cuando a finales del a\u00f1o pasado lleg\u00f3 a servir hasta 800 platos.<\/p>\n<p>\u201cEstoy sorprendido que efectivamente ya no vemos pasar muchos migrantes, yo esperaba que las medidas que proclamaba Trump no iban a afectar el flujo de migrantes pero me sorprende por lo visto s\u00ed\u201d, expres\u00f3 en entrevista.<\/p>\n<p>Por el contrario, abund\u00f3, se ha observado que los migrantes est\u00e1n volviendo a sus pa\u00edses por cuenta propia.<\/p>\n<p>\u201cVienen a pedir ayuda, comida, porque van de regreso. Las pol\u00edticas de Trump (contra los migrantes) s\u00ed est\u00e1n surtiendo efecto por lo visto\u201d apunt\u00f3 el religioso.<\/p>\n<p>V\u00e1zquez Medina consider\u00f3 que las medidas en contra de los migrantes s\u00f3lo provocar\u00e1 que encarezcan los servicios de los traficantes y sumerge a las personas en una crisis mayor porque se quedan sin opciones para huir de la violencia, la persecuci\u00f3n pol\u00edtica y la pobreza de sus pa\u00edses.<\/p>\n<p>\u201cEs un aspecto negativo que no podemos aplaudir. Los migrantes se van a reorganizar, van a buscar otros m\u00e9todos para cruzar y por supuesto que van hacer m\u00e1s cara la migraci\u00f3n, m\u00e1s peligrosa la migraci\u00f3n\u201d, advirti\u00f3.<\/p>\n","protected":false},"excerpt":{"rendered":"<p>El flujo de migrantes en la frontera entre M\u00e9xico y Guatemala cay\u00f3 m\u00e1s del 90 por ciento en las \u00faltimas semanas, aseguraron comerciantes y balseros que operan en las m\u00e1rgenes del r\u00edo Suchiate, lim\u00edtrofe entre ambos pa\u00edses. La reducci\u00f3n del cruce ilegal de personas comenz\u00f3 desde que Donald Trump asumi\u00f3 la Presidencia de Estados Unidos [&hellip;]<\/p>\n","protected":false},"author":4,"featured_media":50413,"comment_status":"closed","ping_status":"closed","sticky":false,"template":"","format":"standard","meta":{"_jetpack_newsletter_access":"","_jetpack_dont_email_post_to_subs":false,"_jetpack_newsletter_tier_id":0,"_jetpack_memberships_contains_paywalled_content":false,"_jetpack_feature_clip_id":0,"_jetpack_memberships_contains_paid_content":false,"footnotes":"","jetpack_publicize_message":"","jetpack_publicize_feature_enabled":true,"jetpack_social_post_already_shared":true,"jetpack_social_options":{"image_generator_settings":{"template":"highway","default_image_id":0,"font":"","enabled":false},"version":2},"jetpack_post_was_ever_published":false},"categories":[145],"tags":[],"class_list":["post-50412","post","type-post","status-publish","format-standard","has-post-thumbnail","hentry","category-estados"],"jetpack_publicize_connections":[],"jetpack_sharing_enabled":true,"publishpress_future_action":{"enabled":false,"date":"2026-09-12 15:35:13","action":"change-status","newStatus":"draft","terms":[],"taxonomy":"category","extraData":[]},"publishpress_future_workflow_manual_trigger":{"enabledWorkflows":[]},"jetpack_featured_media_url":"https:\/\/noticiasveracruz.com\/wp-content\/uploads\/2025\/02\/RIO.jpg","_links":{"self":[{"href":"https:\/\/noticiasveracruz.com\/index.php\/wp-json\/wp\/v2\/posts\/50412","targetHints":{"allow":["GET"]}}],"collection":[{"href":"https:\/\/noticiasveracruz.com\/index.php\/wp-json\/wp\/v2\/posts"}],"about":[{"href":"https:\/\/noticiasveracruz.com\/index.php\/wp-json\/wp\/v2\/types\/post"}],"author":[{"embeddable":true,"href":"https:\/\/noticiasveracruz.com\/index.php\/wp-json\/wp\/v2\/users\/4"}],"replies":[{"embeddable":true,"href":"https:\/\/noticiasveracruz.com\/index.php\/wp-json\/wp\/v2\/comments?post=50412"}],"version-history":[{"count":0,"href":"https:\/\/noticiasveracruz.com\/index.php\/wp-json\/wp\/v2\/posts\/50412\/revisions"}],"wp:featuredmedia":[{"embeddable":true,"href":"https:\/\/noticiasveracruz.com\/index.php\/wp-json\/wp\/v2\/media\/50413"}],"wp:attachment":[{"href":"https:\/\/noticiasveracruz.com\/index.php\/wp-json\/wp\/v2\/media?parent=50412"}],"wp:term":[{"taxonomy":"category","embeddable":true,"href":"https:\/\/noticiasveracruz.com\/index.php\/wp-json\/wp\/v2\/categories?post=50412"},{"taxonomy":"post_tag","embeddable":true,"href":"https:\/\/noticiasveracruz.com\/index.php\/wp-json\/wp\/v2\/tags?post=50412"}],"curies":[{"name":"wp","href":"https:\/\/api.w.org\/{rel}","templated":true}]}}