{"id":50406,"date":"2025-02-16T00:14:39","date_gmt":"2025-02-16T06:14:39","guid":{"rendered":"https:\/\/noticiasveracruz.com\/?p=50406"},"modified":"2025-02-15T21:23:40","modified_gmt":"2025-02-16T03:23:40","slug":"fuerzas-armadas-vigilan-la-feria-de-la-bandera-en-iguala","status":"publish","type":"post","link":"https:\/\/noticiasveracruz.com\/index.php\/2025\/02\/16\/fuerzas-armadas-vigilan-la-feria-de-la-bandera-en-iguala\/","title":{"rendered":"Fuerzas Armadas vigilan la Feria de la Bandera en Iguala"},"content":{"rendered":"<p>Al menos 500 elementos del Ej\u00e9rcito Mexicano, la Guardia Nacional, la polic\u00eda estatal y municipal, vigilaron ayer el inicio de los festejos de la Feria de la Bandera, que formalmente se inaugurar\u00e1 el 24 de febrero, en la ciudad de Iguala, en la zona norte de Guerrero, evento al que se espera asista la president,a Claudia Sheinbaum Pardo.<\/p>\n<p>Desde temprano, el alcalde Eick Catal\u00e1n Rend\u00f3n, acompa\u00f1ado por el comandante del 27 Batall\u00f3n de Infanter\u00eda, Ezequiel F\u00e9lix Garc\u00eda Mendoza; del comandante del 25 Batall\u00f3n de la Guardia Nacional, Renato Delgadillo Rodr\u00edguez, as\u00ed como mandos de las diversas corporaciones polic\u00edacas, dio el banderazo formal del evento, que tendr\u00e1 una duraci\u00f3n de 17 d\u00edas. El a\u00f1o pasado se suspendi\u00f3 debido a las presuntas amenazas de los grupos de la delincuencia organizada que operan en la zona norte.<\/p>\n<p>Se inform\u00f3 que, con la apertura de este operativo de vigilancia polic\u00edaca se permitir\u00e1 el resguardo de las instalaciones de la Feria de la Bandera, una de las m\u00e1s populares en la entidad. En representaci\u00f3n del gobierno estatal, asisti\u00f3 la secretaria de Gobierno, Anacleta L\u00f3pez Vega.<\/p>\n<p>Tambi\u00e9n este operativo en el despliegue, que cont\u00f3 con m\u00e1s de 500 elementos, participaron 25 veh\u00edculos militares; cinco perros amaestrados; una comunicaci\u00f3n abierta con el C-4; drones de las corporaciones polic\u00edacas, adem\u00e1s de que un helic\u00f3ptero sobrevol\u00f3 la zona.<\/p>\n<p>Por la tarde, con la participaci\u00f3n de escuelas y bandas musicales, se realiz\u00f3 por las calles de la ciudad el desfile de apertura, en donde adem\u00e1s el cabildo en pleno coloc\u00f3 una ofrenda floral en el Monumento a la Independencia.<\/p>\n<p>Anoche, en la coronaci\u00f3n de la \u201creina a la bandera\u201d, iniciaron tambi\u00e9n los espect\u00e1culos musicales, de inicio estuvo el cantante Julio Preciado, en las instalaciones del Teatro del Pueblo, que seg\u00fan los organizadores \u201c estuvo a reventar\u201d, y en donde no hubo reporte de incidentes.<\/p>\n<p>En el palenque tambi\u00e9n, se desarrollaron actividades, estuvo hasta \u201cla madre\u201d de lleno por la presencia de Gabito Ballesteros, y hoy se contar\u00e1 con la presencia en el mismo palenque, del cantautor Alfredo Olivas.<\/p>\n<p>En Iguala los grupos delincuenciales Gente Nueva de Guerrero (GNG); la Familia Michoacana, y Los Tlacos, entre otros, se disputan el territorio, y el trasiego de las drogas.<\/p>\n","protected":false},"excerpt":{"rendered":"<p>Al menos 500 elementos del Ej\u00e9rcito Mexicano, la Guardia Nacional, la polic\u00eda estatal y municipal, vigilaron ayer el inicio de<\/p>\n","protected":false},"author":4,"featured_media":50407,"comment_status":"closed","ping_status":"closed","sticky":false,"template":"","format":"standard","meta":{"colormag_page_container_layout":"default_layout","colormag_page_sidebar_layout":"default_layout","_jetpack_memberships_contains_paid_content":false,"footnotes":"","jetpack_publicize_message":"","jetpack_publicize_feature_enabled":true,"jetpack_social_post_already_shared":true,"jetpack_social_options":{"image_generator_settings":{"template":"highway","default_image_id":0,"font":"","enabled":false},"version":2}},"categories":[145],"tags":[],"class_list":["post-50406","post","type-post","status-publish","format-standard","has-post-thumbnail","hentry","category-estados"],"jetpack_publicize_connections":[],"jetpack_featured_media_url":"https:\/\/noticiasveracruz.com\/wp-content\/uploads\/2025\/02\/IG.jpg","jetpack_sharing_enabled":true,"publishpress_future_action":{"enabled":false,"date":"2026-05-07 16:22:35","action":"change-status","newStatus":"draft","terms":[],"taxonomy":"category","extraData":[]},"publishpress_future_workflow_manual_trigger":{"enabledWorkflows":[]},"_links":{"self":[{"href":"https:\/\/noticiasveracruz.com\/index.php\/wp-json\/wp\/v2\/posts\/50406","targetHints":{"allow":["GET"]}}],"collection":[{"href":"https:\/\/noticiasveracruz.com\/index.php\/wp-json\/wp\/v2\/posts"}],"about":[{"href":"https:\/\/noticiasveracruz.com\/index.php\/wp-json\/wp\/v2\/types\/post"}],"author":[{"embeddable":true,"href":"https:\/\/noticiasveracruz.com\/index.php\/wp-json\/wp\/v2\/users\/4"}],"replies":[{"embeddable":true,"href":"https:\/\/noticiasveracruz.com\/index.php\/wp-json\/wp\/v2\/comments?post=50406"}],"version-history":[{"count":0,"href":"https:\/\/noticiasveracruz.com\/index.php\/wp-json\/wp\/v2\/posts\/50406\/revisions"}],"wp:featuredmedia":[{"embeddable":true,"href":"https:\/\/noticiasveracruz.com\/index.php\/wp-json\/wp\/v2\/media\/50407"}],"wp:attachment":[{"href":"https:\/\/noticiasveracruz.com\/index.php\/wp-json\/wp\/v2\/media?parent=50406"}],"wp:term":[{"taxonomy":"category","embeddable":true,"href":"https:\/\/noticiasveracruz.com\/index.php\/wp-json\/wp\/v2\/categories?post=50406"},{"taxonomy":"post_tag","embeddable":true,"href":"https:\/\/noticiasveracruz.com\/index.php\/wp-json\/wp\/v2\/tags?post=50406"}],"curies":[{"name":"wp","href":"https:\/\/api.w.org\/{rel}","templated":true}]}}