{"id":5040,"date":"2022-06-07T06:43:17","date_gmt":"2022-06-07T11:43:17","guid":{"rendered":"https:\/\/noticiasveracruz.com\/?p=5040"},"modified":"2022-06-07T06:43:17","modified_gmt":"2022-06-07T11:43:17","slug":"priismo-guinda","status":"publish","type":"post","link":"https:\/\/noticiasveracruz.com\/index.php\/2022\/06\/07\/priismo-guinda\/","title":{"rendered":"Priismo guinda"},"content":{"rendered":"<p>&nbsp;<\/p>\n<p class=\"p1\"><span style=\"font-size: 18pt;\"><strong>Por Aurelio Contreras Moreno<\/strong><\/span><\/p>\n<p class=\"p1\"><span style=\"font-size: 14pt;\">El r\u00e9gimen de la autoproclamada \u201cCuarta Transformaci\u00f3n\u201d celebra su victoria en las elecciones de este domingo en cuatro estados casi como si se tratase verdaderamente de la antesala directa a su permanencia en el poder presidencial en 2024.<\/span><\/p>\n<p class=\"p1\"><span style=\"font-size: 14pt;\">No hay duda de que Morena se impuso claramente en esta jornada, en buena medida por las carencias de una oposici\u00f3n mezquina y sin propuestas que no conect\u00f3 con el electorado. Pero hay que decirlo, en realidad nadie conect\u00f3 con el electorado, pues la gente no sali\u00f3 a votar.<\/span><\/p>\n<p class=\"p1\"><span style=\"font-size: 14pt;\">El abstencionismo predomin\u00f3 durante las elecciones de este domingo a pesar de que, a diferencia de una elecci\u00f3n federal como la del a\u00f1o pasado, que no genera gran inter\u00e9s entre la poblaci\u00f3n, esta vez se trat\u00f3 de comicios locales que, junto con los presidenciales, s\u00ed llaman la atenci\u00f3n de los ciudadanos y los motiva para salir a sufragar.<\/span><\/p>\n<p class=\"p1\"><span style=\"font-size: 14pt;\">No fue el caso. En Tamaulipas, donde se registr\u00f3 el m\u00e1s alto nivel de participaci\u00f3n ciudadana, sali\u00f3 a votar 53.31 por ciento de la lista nominal de la entidad. Y de ah\u00ed, todo fue cuesta abajo. En Durango, el abstencionismo fue de casi 50 por ciento; en Hidalgo, super\u00f3 el 52 por ciento; en Aguascalientes casi lleg\u00f3 a 55 por ciento.<\/span><\/p>\n<p class=\"p1\"><span style=\"font-size: 14pt;\">Los casos m\u00e1s graves se presentaron en Quintana Roo, donde la abstenci\u00f3n pr\u00e1cticamente lleg\u00f3 al 60 por ciento, y en Oaxaca, donde super\u00f3 el 61 por ciento. Aunque en el caso de esta \u00faltima entidad, influy\u00f3 la devastaci\u00f3n que dej\u00f3 a su paso el hurac\u00e1n \u201c\u00c1gatha\u201d d\u00edas antes de los comicios y que incluso provoc\u00f3 enojo en algunas zonas afectadas, donde los damnificados reclamaron c\u00f3mo era posible que llegara sin contratiempos el material electoral y no la ayuda humanitaria. Y a pesar de lo cual \u2013valga se\u00f1alar- votaron por Morena, partido que apoy\u00f3 la desaparici\u00f3n del Fondo para Desastres Naturales (Fonden).<\/span><\/p>\n<p class=\"p1\"><span style=\"font-size: 14pt;\">Con esos niveles \u00ednfimos de participaci\u00f3n, la legitimidad de varios de esos pr\u00f3ximos gobiernos ser\u00e1 endeble, cuando no severamente cuestionable, pues no cuentan con una base real de apoyo popular que les d\u00e9 soporte a la hora de enfrentar los m\u00faltiples y graves problemas que implica cualquier ejercicio de gobierno. <\/span><\/p>\n<p class=\"p1\"><span style=\"font-size: 14pt;\">El principal saldo de la elecci\u00f3n de este domingo es la certeza de que partidos y candidatos, en general, no le est\u00e1n diciendo nada al electorado. El PRI va en ca\u00edda libre y en proceso de desaparecer en el corto plazo ante su suicida negativa a refundarse y, en cambio, reciclar m\u00e1s de lo mismo y de los mismos. La asociaci\u00f3n de su nombre con la corrupci\u00f3n provoca un rechazo casi en autom\u00e1tico del que parece imposible disociarlo. Peor a\u00fan, cuando sus l\u00edderes actuales corroboran que siguen siendo iguales, que no entendieron nada.<\/span><\/p>\n<p class=\"p1\"><span style=\"font-size: 14pt;\">El PAN se sostiene como la principal fuerza opositora, pero debilitado por sus propios conflictos internos y por su incapacidad para trascender pol\u00edticamente m\u00e1s all\u00e1 de sus bases, limitadas a ciertos segmentos socioecon\u00f3micos e ideol\u00f3gicos que no lo hacen ver como una opci\u00f3n socialmente incluyente. El PRD pr\u00e1cticamente desapareci\u00f3 y vive de \u201cprestado\u201d, mientras que Movimiento Ciudadano lucra con el discurso opositor, mientras le sirve al r\u00e9gimen.<\/span><\/p>\n<p class=\"p1\"><span style=\"font-size: 14pt;\">Morena parece vivir su \u201cmomento de gloria\u201d gracias a la figura de su l\u00edder pol\u00edtico, el presidente Andr\u00e9s Manuel L\u00f3pez Obrador, y sus programas clientelares. Pero cuando aqu\u00e9l deje de figurar en el escenario p\u00fablico, se conocer\u00e1 el verdadero nivel de aceptaci\u00f3n de un organismo que no funciona como partido, sino casi como una secta en la cual no hay posibilidad de expresar disensos ni opiniones que se aparten del \u201cdogma\u201d de la \u201cinfalibilidad\u201d del dirigente.<\/span><\/p>\n<p class=\"p1\"><span style=\"font-size: 14pt;\">Lo cierto es que en su carrera de regreso al pasado, el lopezobradorismo ya logr\u00f3 la restauraci\u00f3n de un sistema neohegem\u00f3nico a nivel territorial y regional. Y lo m\u00e1s ir\u00f3nico es que lo ha hecho reclutando, postulando y coaccionando priistas. Si no lo cree, revise la biograf\u00eda de los candidatos que contendieron en las elecciones del domingo y cheque a qu\u00e9 pr\u00f3ximos ex gobernadores les ofrecer\u00e1n cargos en la administraci\u00f3n federal o en representaciones diplom\u00e1ticas.<\/span><\/p>\n<p class=\"p1\"><span style=\"font-size: 14pt;\">Al final del d\u00eda, el priismo no se crea ni se destruye. Solamente se \u201ctransforma\u201d. Nom\u00e1s que en color guinda.<\/span><\/p>\n<p>&nbsp;<\/p>\n<p>&nbsp;<\/p>\n<p class=\"p3\"><span style=\"font-size: 18pt;\"><strong><span class=\"s1\">Correo: <a href=\"mailto:aureliocontreras@gmail.com\"><span class=\"s2\">aureliocontreras@gmail.com<\/span><\/a><\/span><\/strong><\/span><\/p>\n<p class=\"p1\"><span style=\"font-size: 18pt;\"><strong>Twitter: <a href=\"https:\/\/twitter.com\/yeyocontreras\">@yeyocontreras<\/a><\/strong><\/span><\/p>\n<p>&nbsp;<\/p>\n<p>&nbsp;<\/p>\n<p>&nbsp;<\/p>\n","protected":false},"excerpt":{"rendered":"<p>&nbsp; Por Aurelio Contreras Moreno El r\u00e9gimen de la autoproclamada \u201cCuarta Transformaci\u00f3n\u201d celebra su victoria en las elecciones de este<\/p>\n","protected":false},"author":4,"featured_media":3578,"comment_status":"closed","ping_status":"closed","sticky":false,"template":"","format":"standard","meta":{"colormag_page_container_layout":"default_layout","colormag_page_sidebar_layout":"default_layout","_jetpack_memberships_contains_paid_content":false,"footnotes":"","jetpack_publicize_message":"","jetpack_publicize_feature_enabled":true,"jetpack_social_post_already_shared":false,"jetpack_social_options":{"image_generator_settings":{"template":"highway","default_image_id":0,"font":"","enabled":false},"version":2}},"categories":[6],"tags":[],"class_list":["post-5040","post","type-post","status-publish","format-standard","has-post-thumbnail","hentry","category-columnistas"],"jetpack_publicize_connections":[],"jetpack_featured_media_url":"https:\/\/noticiasveracruz.com\/wp-content\/uploads\/2022\/04\/P-AURELIO-CONTRERAS.png","jetpack_sharing_enabled":true,"publishpress_future_action":{"enabled":false,"date":"2026-05-07 15:49:14","action":"change-status","newStatus":"draft","terms":[],"taxonomy":"category","extraData":[]},"publishpress_future_workflow_manual_trigger":{"enabledWorkflows":[]},"_links":{"self":[{"href":"https:\/\/noticiasveracruz.com\/index.php\/wp-json\/wp\/v2\/posts\/5040","targetHints":{"allow":["GET"]}}],"collection":[{"href":"https:\/\/noticiasveracruz.com\/index.php\/wp-json\/wp\/v2\/posts"}],"about":[{"href":"https:\/\/noticiasveracruz.com\/index.php\/wp-json\/wp\/v2\/types\/post"}],"author":[{"embeddable":true,"href":"https:\/\/noticiasveracruz.com\/index.php\/wp-json\/wp\/v2\/users\/4"}],"replies":[{"embeddable":true,"href":"https:\/\/noticiasveracruz.com\/index.php\/wp-json\/wp\/v2\/comments?post=5040"}],"version-history":[{"count":0,"href":"https:\/\/noticiasveracruz.com\/index.php\/wp-json\/wp\/v2\/posts\/5040\/revisions"}],"wp:featuredmedia":[{"embeddable":true,"href":"https:\/\/noticiasveracruz.com\/index.php\/wp-json\/wp\/v2\/media\/3578"}],"wp:attachment":[{"href":"https:\/\/noticiasveracruz.com\/index.php\/wp-json\/wp\/v2\/media?parent=5040"}],"wp:term":[{"taxonomy":"category","embeddable":true,"href":"https:\/\/noticiasveracruz.com\/index.php\/wp-json\/wp\/v2\/categories?post=5040"},{"taxonomy":"post_tag","embeddable":true,"href":"https:\/\/noticiasveracruz.com\/index.php\/wp-json\/wp\/v2\/tags?post=5040"}],"curies":[{"name":"wp","href":"https:\/\/api.w.org\/{rel}","templated":true}]}}