{"id":50394,"date":"2025-02-16T00:10:29","date_gmt":"2025-02-16T06:10:29","guid":{"rendered":"https:\/\/noticiasveracruz.com\/?p=50394"},"modified":"2025-02-15T21:02:14","modified_gmt":"2025-02-16T03:02:14","slug":"la-cumbre-de-los-brics-sera-6-y-7-de-julio-en-rio-de-janeiro","status":"publish","type":"post","link":"https:\/\/noticiasveracruz.com\/index.php\/2025\/02\/16\/la-cumbre-de-los-brics-sera-6-y-7-de-julio-en-rio-de-janeiro\/","title":{"rendered":"La cumbre de los BRICS ser\u00e1 6 y 7 de julio en R\u00edo de Janeiro"},"content":{"rendered":"<p class=\"western\">La cumbre de l\u00edderes de los pa\u00edses BRICS se realizar\u00e1 el 6 y 7 de julio en R\u00edo de Janeiro, anunci\u00f3 este s\u00e1bado el ministro brasile\u00f1o de Relaciones Exteriores, Mauro Vieira.<\/p>\n<p class=\"western\">Brasil ejerce este a\u00f1o la presidencia rotativa del bloque de econom\u00edas emergentes, que re\u00fane a Rusia, India, China y Sud\u00e1frica, entre otros pa\u00edses.<\/p>\n<p class=\"western\">\u00abEn el mes de julio de este a\u00f1o, los d\u00edas 6 y 7 de julio (&#8230;) recibiremos en la ciudad de R\u00edo de Janeiro a los jefes de Estado de los 20 pa\u00edses que integran los BRICS en las dos categor\u00edas de miembros plenos y asociados\u00bb, dijo Vieira en un video publicado en X por el alcalde Eduardo Paes.<\/p>\n<p class=\"western\">En la cita \u00abtomaremos decisiones muy importantes para el desarrollo de todos estos pa\u00edses, para la cooperaci\u00f3n y para la mejora de la condici\u00f3n de vida de todos los habitantes\u00bb, a\u00f1adi\u00f3.<\/p>\n<p class=\"western\">El presidente estadunidense, Donald Trump, reiter\u00f3 el jueves su amenaza de imponer aranceles de 100 por ciento a los pa\u00edses del BRICS si intentan terminar con el dominio internacional del d\u00f3lar.<\/p>\n<p class=\"western\">Trump ya hab\u00eda hecho esa advertencia en noviembre, aun como mandatario electo, luego de que en octubre en la \u00faltima cumbre del bloque en Kaz\u00e1n, Rusia, estuviera sobre la mesa el impulso a las transacciones en divisas diferentes a la moneda estadunidense.<\/p>\n<p class=\"western\">El gobierno del izquierdista Luiz In\u00e1cio Lula da Silva ha dicho que bajo la presidencia brasile\u00f1a el BRICS se enfocar\u00e1 en impulsar la cooperaci\u00f3n entre pa\u00edses del sur global y la reforma de las instituciones multilaterales.<\/p>\n<p class=\"western\">Entre sus prioridades mencion\u00f3 \u00abel desarrollo de medios de pago\u00bb para facilitar el comercio y las inversiones entre los pa\u00edses miembros.<\/p>\n<p class=\"western\">En enero, el jefe negociador brasile\u00f1o para el bloque, Eduardo Saboia, dijo en una entrevista con la\u00a0<em>Afp<\/em>\u00a0que \u00abno hay ning\u00fan proyecto\u00bb para remplazar el d\u00f3lar, sino una discusi\u00f3n sobre el uso de las monedas locales en las transacciones.<\/p>\n<p class=\"western\">Creado en 2009, el grupo se ampli\u00f3 recientemente con la inclusi\u00f3n de pa\u00edses como Indonesia, Ir\u00e1n, Egipto y Emiratos \u00c1rabes Unidos, adem\u00e1s de una decena de pa\u00edses asociados, entre ellos Cuba, Bolivia, Nigeria, Argelia y Turqu\u00eda.<\/p>\n","protected":false},"excerpt":{"rendered":"<p>La cumbre de l\u00edderes de los pa\u00edses BRICS se realizar\u00e1 el 6 y 7 de julio en R\u00edo de Janeiro,<\/p>\n","protected":false},"author":4,"featured_media":50395,"comment_status":"closed","ping_status":"closed","sticky":false,"template":"","format":"standard","meta":{"colormag_page_container_layout":"default_layout","colormag_page_sidebar_layout":"default_layout","_jetpack_memberships_contains_paid_content":false,"footnotes":"","jetpack_publicize_message":"","jetpack_publicize_feature_enabled":true,"jetpack_social_post_already_shared":true,"jetpack_social_options":{"image_generator_settings":{"template":"highway","default_image_id":0,"font":"","enabled":false},"version":2}},"categories":[1947],"tags":[],"class_list":["post-50394","post","type-post","status-publish","format-standard","has-post-thumbnail","hentry","category-economia"],"jetpack_publicize_connections":[],"jetpack_featured_media_url":"https:\/\/noticiasveracruz.com\/wp-content\/uploads\/2025\/02\/WhatsApp-Image-2025-02-15-at-5.22.20-PM-696x464-1.jpeg","jetpack_sharing_enabled":true,"publishpress_future_action":{"enabled":false,"date":"2026-05-07 13:59:33","action":"change-status","newStatus":"draft","terms":[],"taxonomy":"category","extraData":[]},"publishpress_future_workflow_manual_trigger":{"enabledWorkflows":[]},"_links":{"self":[{"href":"https:\/\/noticiasveracruz.com\/index.php\/wp-json\/wp\/v2\/posts\/50394","targetHints":{"allow":["GET"]}}],"collection":[{"href":"https:\/\/noticiasveracruz.com\/index.php\/wp-json\/wp\/v2\/posts"}],"about":[{"href":"https:\/\/noticiasveracruz.com\/index.php\/wp-json\/wp\/v2\/types\/post"}],"author":[{"embeddable":true,"href":"https:\/\/noticiasveracruz.com\/index.php\/wp-json\/wp\/v2\/users\/4"}],"replies":[{"embeddable":true,"href":"https:\/\/noticiasveracruz.com\/index.php\/wp-json\/wp\/v2\/comments?post=50394"}],"version-history":[{"count":0,"href":"https:\/\/noticiasveracruz.com\/index.php\/wp-json\/wp\/v2\/posts\/50394\/revisions"}],"wp:featuredmedia":[{"embeddable":true,"href":"https:\/\/noticiasveracruz.com\/index.php\/wp-json\/wp\/v2\/media\/50395"}],"wp:attachment":[{"href":"https:\/\/noticiasveracruz.com\/index.php\/wp-json\/wp\/v2\/media?parent=50394"}],"wp:term":[{"taxonomy":"category","embeddable":true,"href":"https:\/\/noticiasveracruz.com\/index.php\/wp-json\/wp\/v2\/categories?post=50394"},{"taxonomy":"post_tag","embeddable":true,"href":"https:\/\/noticiasveracruz.com\/index.php\/wp-json\/wp\/v2\/tags?post=50394"}],"curies":[{"name":"wp","href":"https:\/\/api.w.org\/{rel}","templated":true}]}}