{"id":50388,"date":"2025-02-16T00:08:39","date_gmt":"2025-02-16T06:08:39","guid":{"rendered":"https:\/\/noticiasveracruz.com\/?p=50388"},"modified":"2025-02-15T20:36:42","modified_gmt":"2025-02-16T02:36:42","slug":"celebra-romero-oropeza-aprobacion-de-reforma-a-ley-del-infonavit","status":"publish","type":"post","link":"https:\/\/noticiasveracruz.com\/index.php\/2025\/02\/16\/celebra-romero-oropeza-aprobacion-de-reforma-a-ley-del-infonavit\/","title":{"rendered":"Celebra Romero Oropeza aprobaci\u00f3n de reforma a Ley del Infonavit"},"content":{"rendered":"<p>El director general del Infonavit, Octavio Romero Oropeza, celebr\u00f3 la aprobaci\u00f3n de la reforma a la ley del instituto. Destac\u00f3 que adem\u00e1s de que con ella se har\u00e1 realidad el sue\u00f1o de familias de menores ingresos de tener una vivienda, el dinero de los trabajadores \u201cest\u00e1 totalmente seguro\u201d.<\/p>\n<p>Ante los mensajes de la oposici\u00f3n y empresarios de que est\u00e1n en riesgo los 2.5 billones de pesos que tiene en sus arcas el Infonavit, revir\u00f3 que los recursos que hay en el Fondo de Vivienda solamente pueden ser usados por el trabajador, ya sea para adquirir o mejorar su casa o si no necesita una, \u201cel d\u00eda que se retire se lo lleva en su pensi\u00f3n. Es un dinero que est\u00e1 seguro y es sagrado para nosotros\u201d.<\/p>\n<p>En un video difundido en redes sociales, dos d\u00edas despu\u00e9s de aprobada la reforma en el Senado, reiter\u00f3 que las modificaciones a la ley permitir\u00e1n sacar adelante el programa prioritario de vivienda, planteado por la presidenta Claudia Sheinbaum, que consiste en que desde el instituto se construyan 500 mil viviendas y otras 500 mil en la Comisi\u00f3n Nacional de Vivienda.<\/p>\n<p>Igualmente, Romero Oropeza resalt\u00f3 que \u201cva dar mucha transparencia a la forma en como se utilizan los recursos en el Infonavit, va a permitir agilidad, que construyamos vivienda para la gente que m\u00e1s lo necesita, que gana menos de dos salarios m\u00ednimos, y tambi\u00e9n renta con opci\u00f3n a compra para j\u00f3venes, para jefas de familia, para adultos mayores\u201d.<\/p>\n<p>Refiri\u00f3 que hace m\u00e1s de 10 a\u00f1os que en el pa\u00eds no se construye vivienda de inter\u00e9s social. \u201cHay un gran rezago, necesidad y esta forma va a permitir que se pueda hacer realidad el sue\u00f1o de much\u00edsimas familias, de tener una vivienda\u201d.<\/p>\n<p>Asimismo, se\u00f1al\u00f3 que el Infonavit seguir\u00e1 siendo una instituci\u00f3n tripartita, pero va a ser mucho m\u00e1s \u00e1gil los procedimientos.<\/p>\n<p>Enfatiz\u00f3 que el instituto est\u00e1 en una situaci\u00f3n financiera muy favorable gracias al gobierno del ex presidente Andr\u00e9s Manuel L\u00f3pez Obrador. \u201cLa pol\u00edtica de incremento salarial que se llev\u00f3 a cabo en la administraci\u00f3n pasada llev\u00f3 de 140 mil millones de Fondo de Vivienda a 800 mil millones de pesos.<\/p>\n","protected":false},"excerpt":{"rendered":"<p>El director general del Infonavit, Octavio Romero Oropeza, celebr\u00f3 la aprobaci\u00f3n de la reforma a la ley del instituto. Destac\u00f3<\/p>\n","protected":false},"author":4,"featured_media":50389,"comment_status":"closed","ping_status":"closed","sticky":false,"template":"","format":"standard","meta":{"colormag_page_container_layout":"default_layout","colormag_page_sidebar_layout":"default_layout","_jetpack_memberships_contains_paid_content":false,"footnotes":"","jetpack_publicize_message":"","jetpack_publicize_feature_enabled":true,"jetpack_social_post_already_shared":true,"jetpack_social_options":{"image_generator_settings":{"template":"highway","default_image_id":0,"font":"","enabled":false},"version":2}},"categories":[4],"tags":[],"class_list":["post-50388","post","type-post","status-publish","format-standard","has-post-thumbnail","hentry","category-nacional"],"jetpack_publicize_connections":[],"jetpack_featured_media_url":"https:\/\/noticiasveracruz.com\/wp-content\/uploads\/2025\/02\/IN.jpg","jetpack_sharing_enabled":true,"publishpress_future_action":{"enabled":false,"date":"2026-05-07 12:26:04","action":"change-status","newStatus":"draft","terms":[],"taxonomy":"category","extraData":[]},"publishpress_future_workflow_manual_trigger":{"enabledWorkflows":[]},"_links":{"self":[{"href":"https:\/\/noticiasveracruz.com\/index.php\/wp-json\/wp\/v2\/posts\/50388","targetHints":{"allow":["GET"]}}],"collection":[{"href":"https:\/\/noticiasveracruz.com\/index.php\/wp-json\/wp\/v2\/posts"}],"about":[{"href":"https:\/\/noticiasveracruz.com\/index.php\/wp-json\/wp\/v2\/types\/post"}],"author":[{"embeddable":true,"href":"https:\/\/noticiasveracruz.com\/index.php\/wp-json\/wp\/v2\/users\/4"}],"replies":[{"embeddable":true,"href":"https:\/\/noticiasveracruz.com\/index.php\/wp-json\/wp\/v2\/comments?post=50388"}],"version-history":[{"count":0,"href":"https:\/\/noticiasveracruz.com\/index.php\/wp-json\/wp\/v2\/posts\/50388\/revisions"}],"wp:featuredmedia":[{"embeddable":true,"href":"https:\/\/noticiasveracruz.com\/index.php\/wp-json\/wp\/v2\/media\/50389"}],"wp:attachment":[{"href":"https:\/\/noticiasveracruz.com\/index.php\/wp-json\/wp\/v2\/media?parent=50388"}],"wp:term":[{"taxonomy":"category","embeddable":true,"href":"https:\/\/noticiasveracruz.com\/index.php\/wp-json\/wp\/v2\/categories?post=50388"},{"taxonomy":"post_tag","embeddable":true,"href":"https:\/\/noticiasveracruz.com\/index.php\/wp-json\/wp\/v2\/tags?post=50388"}],"curies":[{"name":"wp","href":"https:\/\/api.w.org\/{rel}","templated":true}]}}