{"id":50385,"date":"2025-02-16T00:07:44","date_gmt":"2025-02-16T06:07:44","guid":{"rendered":"https:\/\/noticiasveracruz.com\/?p=50385"},"modified":"2025-02-15T20:34:42","modified_gmt":"2025-02-16T02:34:42","slug":"mexico-no-esta-en-venta-la-patria-no-se-vende-sheinbaum","status":"publish","type":"post","link":"https:\/\/noticiasveracruz.com\/index.php\/2025\/02\/16\/mexico-no-esta-en-venta-la-patria-no-se-vende-sheinbaum\/","title":{"rendered":"\u00abM\u00e9xico no est\u00e1 en venta, la patria no se vende\u00bb: Sheinbaum"},"content":{"rendered":"<p class=\"western\">\u201cM\u00e9xico no est\u00e1 en venta, la patria no se vende, la soberan\u00eda no se negocia; aqu\u00ed estamos los mexicanos y las mexicanas para defender nuestra patria\u201d, asegur\u00f3 la presidenta Claudia Sheinbaum Pardo al hacer referencia a los amagos de Estados Unidos .<\/p>\n<p class=\"western\">Dijo: \u201cfrente a Estados Unidos, frente al exterior, lo mejor es la fuerza que tenemos; que sepan nuestros paisanos y nuestras paisanas, que son h\u00e9roes y hero\u00ednas de la patria\u201d, afirm\u00f3.<\/p>\n<div id=\"article-content-tts\" class=\"nota-contenido mb-5\">\n<div id=\"content_nitf\">\n<p class=\"western\">Hoy que es 14 de febrero, \u201cque es d\u00eda del amor y la amistad decimos: amor al pueblo; amor a la naturaleza; amor a la familia; amor entre los mexicanos y amor a la patria\u201d.<\/p>\n<p class=\"western\">En el inicio de su gira de tres d\u00edas por esta entidad, donde revisar\u00e1 proyectos de infraestructura, subray\u00f3 que \u201cestamos viviendo un momento muy especial; yo me siento muy fortalecida porque hay mucha cercan\u00eda entre el gobierno y el pueblo y eso nunca se va a romper. Nunca va a haber divorcio entre el pueblo y gobierno\u00bb.<\/p>\n<p class=\"western\">\u201cPor eso, frente a Estados Unidos frente al exterior, lo mejor es la fuerza que tenemos, que son nuestros paisanos y nuestras paisanas, que son h\u00e9roes y hero\u00ednas de la patria\u201d, afirm\u00f3.<\/p>\n<p class=\"western\">Insisti\u00f3 que \u201csi los mexicanos no estuvieran en Estados Unidos trabajando, Estados Unidos no ser\u00eda lo que es, porque los mexicanos y mexicanas generan el 10 por ciento de su Producto Interno Bruto\u201d.<\/p>\n<p class=\"western\">Ante la posici\u00f3n de la mandataria, los asistentes corearon \u201cM\u00e9xico, M\u00e9xico, M\u00e9xico\u201d.<\/p>\n<p class=\"western\">Y que sepan todos, agreg\u00f3 la titular del Ejecutivo federal, \u201cnosotros siempre los vamos a proteger, a ayudar (a nuestros paisanos); que sepan que si regresan a M\u00e9xico, siempre ser\u00e1n bien recibidos, con los brazos abiertos.<\/p>\n<p class=\"western\">Tenemos, record\u00f3, \u201c10 centros de atenci\u00f3n para apoyarles, para darles empleo, para acompa\u00f1arlos a que lleguen con sus familias; (tenemos) abogados en los Estados Unidos, todo lo que necesiten nuestros hermanos y hermanas que viven en los Estados Unidos. \u00a1Aqu\u00ed est\u00e1 su presidenta y aqu\u00ed est\u00e1 el pueblo de M\u00e9xico para apoyarlo siempre!\u201d, recalc\u00f3.<\/p>\n<\/div>\n<\/div>\n<div class=\"notas-relacionadas\"><\/div>\n<div class=\"nota-tags\"><\/div>\n","protected":false},"excerpt":{"rendered":"<p>\u201cM\u00e9xico no est\u00e1 en venta, la patria no se vende, la soberan\u00eda no se negocia; aqu\u00ed estamos los mexicanos y<\/p>\n","protected":false},"author":4,"featured_media":50386,"comment_status":"closed","ping_status":"closed","sticky":false,"template":"","format":"standard","meta":{"colormag_page_container_layout":"default_layout","colormag_page_sidebar_layout":"default_layout","_jetpack_memberships_contains_paid_content":false,"footnotes":"","jetpack_publicize_message":"","jetpack_publicize_feature_enabled":true,"jetpack_social_post_already_shared":true,"jetpack_social_options":{"image_generator_settings":{"template":"highway","default_image_id":0,"font":"","enabled":false},"version":2}},"categories":[4],"tags":[],"class_list":["post-50385","post","type-post","status-publish","format-standard","has-post-thumbnail","hentry","category-nacional"],"jetpack_publicize_connections":[],"jetpack_featured_media_url":"https:\/\/noticiasveracruz.com\/wp-content\/uploads\/2025\/02\/SDF.jpg","jetpack_sharing_enabled":true,"publishpress_future_action":{"enabled":false,"date":"2026-05-07 11:37:53","action":"change-status","newStatus":"draft","terms":[],"taxonomy":"category","extraData":[]},"publishpress_future_workflow_manual_trigger":{"enabledWorkflows":[]},"_links":{"self":[{"href":"https:\/\/noticiasveracruz.com\/index.php\/wp-json\/wp\/v2\/posts\/50385","targetHints":{"allow":["GET"]}}],"collection":[{"href":"https:\/\/noticiasveracruz.com\/index.php\/wp-json\/wp\/v2\/posts"}],"about":[{"href":"https:\/\/noticiasveracruz.com\/index.php\/wp-json\/wp\/v2\/types\/post"}],"author":[{"embeddable":true,"href":"https:\/\/noticiasveracruz.com\/index.php\/wp-json\/wp\/v2\/users\/4"}],"replies":[{"embeddable":true,"href":"https:\/\/noticiasveracruz.com\/index.php\/wp-json\/wp\/v2\/comments?post=50385"}],"version-history":[{"count":0,"href":"https:\/\/noticiasveracruz.com\/index.php\/wp-json\/wp\/v2\/posts\/50385\/revisions"}],"wp:featuredmedia":[{"embeddable":true,"href":"https:\/\/noticiasveracruz.com\/index.php\/wp-json\/wp\/v2\/media\/50386"}],"wp:attachment":[{"href":"https:\/\/noticiasveracruz.com\/index.php\/wp-json\/wp\/v2\/media?parent=50385"}],"wp:term":[{"taxonomy":"category","embeddable":true,"href":"https:\/\/noticiasveracruz.com\/index.php\/wp-json\/wp\/v2\/categories?post=50385"},{"taxonomy":"post_tag","embeddable":true,"href":"https:\/\/noticiasveracruz.com\/index.php\/wp-json\/wp\/v2\/tags?post=50385"}],"curies":[{"name":"wp","href":"https:\/\/api.w.org\/{rel}","templated":true}]}}