{"id":50382,"date":"2025-02-16T00:06:14","date_gmt":"2025-02-16T06:06:14","guid":{"rendered":"https:\/\/noticiasveracruz.com\/?p=50382"},"modified":"2025-02-15T20:31:44","modified_gmt":"2025-02-16T02:31:44","slug":"queremos-fraternidad-universal-para-mexico-y-el-mundo-sheinbaum","status":"publish","type":"post","link":"https:\/\/noticiasveracruz.com\/index.php\/2025\/02\/16\/queremos-fraternidad-universal-para-mexico-y-el-mundo-sheinbaum\/","title":{"rendered":"Queremos &#8216;fraternidad universal&#8217; para M\u00e9xico y el mundo: Sheinbaum"},"content":{"rendered":"<p>\u201cA los mexicanos y a las mexicanas se nos ve como iguales, nunca de arriba abajo, porque somos trabajadores y adem\u00e1s, nosotros practicamos la fraternidad universal; eso es lo que queremos para nuestro pa\u00eds y para todo el mundo\u201d, afirm\u00f3 la presidenta Claudia Sheinbaum Pardo.<\/p>\n<p>Insisti\u00f3 que \u201cestamos unidos pueblo y gobierno, y as\u00ed es imposible que nadie nos detenga\u201d.<\/p>\n<p>Desde este municipio, envi\u00f3 un saludo a los connacionales en Estados Unidos. \u201cLos queremos los amamos; son h\u00e9roes, hero\u00ednas. Los protegemos desde los consulados y si quieren venir a M\u00e9xico, aqu\u00ed lo recibimos con los brazos abiertos\u201d, subray\u00f3.<\/p>\n<p>\u201cQue se sepa en todo el mundo, las y los mexicanos somos de los mejores trabajadores del mundo\u201d, afirm\u00f3 en la Unidad Deportiva Benito Ju\u00e1rez.<\/p>\n<p>La presidenta resalt\u00f3 que \u201clos mejores trabajadores del campo, los mexicanos; los mejores trabajadores de la construcci\u00f3n, los mexicanos; los mejores trabajadores de los servicios, los mexicanos.<\/p>\n<p>\u201cQue nadie nos vea de arriba abajo. Como dice el papa Francisco que, aprovechamos -anda malito, sale en las noticias- para desearle lo mejor\u201d.<\/p>\n<p>Y no es asunto religioso, aclar\u00f3, \u201csolamente de aquellos que sean religiosos, sino que es un humanista. El papa Francisco es humanista, \u00e9l dice, f\u00edjense esta frase, nadie puede ver a otra persona de arriba abajo, porque somos iguales. La \u00fanica forma l\u00edcita de ver a alguien de arriba abajo es cuando uno le da la mano para levantarse.<\/p>\n<p>\u201cEso es el humanismo, por eso nosotros practicamos el humanismo mexicano. En el fondo lo que quiere decir es \u2018por el bien de todos, primero los pobres\u2019.<\/p>\n","protected":false},"excerpt":{"rendered":"<p>\u201cA los mexicanos y a las mexicanas se nos ve como iguales, nunca de arriba abajo, porque somos trabajadores y<\/p>\n","protected":false},"author":4,"featured_media":50383,"comment_status":"closed","ping_status":"closed","sticky":false,"template":"","format":"standard","meta":{"colormag_page_container_layout":"default_layout","colormag_page_sidebar_layout":"default_layout","_jetpack_memberships_contains_paid_content":false,"footnotes":"","jetpack_publicize_message":"","jetpack_publicize_feature_enabled":true,"jetpack_social_post_already_shared":true,"jetpack_social_options":{"image_generator_settings":{"template":"highway","default_image_id":0,"font":"","enabled":false},"version":2}},"categories":[4],"tags":[],"class_list":["post-50382","post","type-post","status-publish","format-standard","has-post-thumbnail","hentry","category-nacional"],"jetpack_publicize_connections":[],"jetpack_featured_media_url":"https:\/\/noticiasveracruz.com\/wp-content\/uploads\/2025\/02\/PAZ.jpg","jetpack_sharing_enabled":true,"publishpress_future_action":{"enabled":false,"date":"2026-05-07 10:44:26","action":"change-status","newStatus":"draft","terms":[],"taxonomy":"category","extraData":[]},"publishpress_future_workflow_manual_trigger":{"enabledWorkflows":[]},"_links":{"self":[{"href":"https:\/\/noticiasveracruz.com\/index.php\/wp-json\/wp\/v2\/posts\/50382","targetHints":{"allow":["GET"]}}],"collection":[{"href":"https:\/\/noticiasveracruz.com\/index.php\/wp-json\/wp\/v2\/posts"}],"about":[{"href":"https:\/\/noticiasveracruz.com\/index.php\/wp-json\/wp\/v2\/types\/post"}],"author":[{"embeddable":true,"href":"https:\/\/noticiasveracruz.com\/index.php\/wp-json\/wp\/v2\/users\/4"}],"replies":[{"embeddable":true,"href":"https:\/\/noticiasveracruz.com\/index.php\/wp-json\/wp\/v2\/comments?post=50382"}],"version-history":[{"count":0,"href":"https:\/\/noticiasveracruz.com\/index.php\/wp-json\/wp\/v2\/posts\/50382\/revisions"}],"wp:featuredmedia":[{"embeddable":true,"href":"https:\/\/noticiasveracruz.com\/index.php\/wp-json\/wp\/v2\/media\/50383"}],"wp:attachment":[{"href":"https:\/\/noticiasveracruz.com\/index.php\/wp-json\/wp\/v2\/media?parent=50382"}],"wp:term":[{"taxonomy":"category","embeddable":true,"href":"https:\/\/noticiasveracruz.com\/index.php\/wp-json\/wp\/v2\/categories?post=50382"},{"taxonomy":"post_tag","embeddable":true,"href":"https:\/\/noticiasveracruz.com\/index.php\/wp-json\/wp\/v2\/tags?post=50382"}],"curies":[{"name":"wp","href":"https:\/\/api.w.org\/{rel}","templated":true}]}}