{"id":50376,"date":"2025-02-16T00:04:03","date_gmt":"2025-02-16T06:04:03","guid":{"rendered":"https:\/\/noticiasveracruz.com\/?p=50376"},"modified":"2025-02-15T20:18:02","modified_gmt":"2025-02-16T02:18:02","slug":"claudia-y-nahle-supervisan-puerto","status":"publish","type":"post","link":"https:\/\/noticiasveracruz.com\/index.php\/2025\/02\/16\/claudia-y-nahle-supervisan-puerto\/","title":{"rendered":"Claudia y Nahle, supervisan puerto"},"content":{"rendered":"<p>La presidenta de M\u00e9xico, Claudia Sheinbaum Pardo, y la gobernadora de Veracruz, Roc\u00edo Nahle Garc\u00eda, supervisaron los avances de la Terminal Semiespecializada de Contenedores y Carga, a cargo de Grupo CICE, en la Bah\u00eda Norte del puerto de Veracruz.<\/p>\n<p>Acompa\u00f1adas por autoridades del sector mar\u00edtimo y representantes empresariales, conocieron los detalles de esta obra, que cuenta con una inversi\u00f3n de 7 mil millones de pesos, iniciar\u00e1 operaciones en abril y generar\u00e1 alrededor de 500 empleos directos y m\u00e1s de mil 200 indirectos.<\/p>\n<p>El presidente del Consejo de Administraci\u00f3n de Grupo CICE, Alfonso D\u00edaz de Vega, destac\u00f3 que esta terminal es uno de los proyectos m\u00e1s importantes del estado en los \u00faltimos a\u00f1os, clave para el impulso del comercio mar\u00edtimo y el crecimiento del sector portuario.<\/p>\n<p>Durante la visita, las mandatarias recorrieron la ampliaci\u00f3n del puerto donde se han concretado inversiones p\u00fablicas y privadas que fortalecen la capacidad log\u00edstica y comercial del puerto.<\/p>\n<p>En este recorrido tambi\u00e9n estuvieron presentes el secretario de Marina, Raymundo Pedro Morales \u00c1ngeles; el director general de la Administraci\u00f3n del Sistema Portuario Nacional Veracruz, Abraham Eloy Caballero Rosas, as\u00ed como representantes de empresas cesionarias y autoridades del sector.<\/p>\n","protected":false},"excerpt":{"rendered":"<p>La presidenta de M\u00e9xico, Claudia Sheinbaum Pardo, y la gobernadora de Veracruz, Roc\u00edo Nahle Garc\u00eda, supervisaron los avances de la<\/p>\n","protected":false},"author":4,"featured_media":50377,"comment_status":"closed","ping_status":"closed","sticky":false,"template":"","format":"standard","meta":{"colormag_page_container_layout":"default_layout","colormag_page_sidebar_layout":"default_layout","_jetpack_memberships_contains_paid_content":false,"footnotes":"","jetpack_publicize_message":"","jetpack_publicize_feature_enabled":true,"jetpack_social_post_already_shared":true,"jetpack_social_options":{"image_generator_settings":{"template":"highway","default_image_id":0,"font":"","enabled":false},"version":2}},"categories":[356],"tags":[],"class_list":["post-50376","post","type-post","status-publish","format-standard","has-post-thumbnail","hentry","category-veracruz"],"jetpack_publicize_connections":[],"jetpack_featured_media_url":"https:\/\/noticiasveracruz.com\/wp-content\/uploads\/2025\/02\/8a-1.jpg","jetpack_sharing_enabled":true,"publishpress_future_action":{"enabled":false,"date":"2026-05-07 12:23:38","action":"change-status","newStatus":"draft","terms":[],"taxonomy":"category","extraData":[]},"publishpress_future_workflow_manual_trigger":{"enabledWorkflows":[]},"_links":{"self":[{"href":"https:\/\/noticiasveracruz.com\/index.php\/wp-json\/wp\/v2\/posts\/50376","targetHints":{"allow":["GET"]}}],"collection":[{"href":"https:\/\/noticiasveracruz.com\/index.php\/wp-json\/wp\/v2\/posts"}],"about":[{"href":"https:\/\/noticiasveracruz.com\/index.php\/wp-json\/wp\/v2\/types\/post"}],"author":[{"embeddable":true,"href":"https:\/\/noticiasveracruz.com\/index.php\/wp-json\/wp\/v2\/users\/4"}],"replies":[{"embeddable":true,"href":"https:\/\/noticiasveracruz.com\/index.php\/wp-json\/wp\/v2\/comments?post=50376"}],"version-history":[{"count":0,"href":"https:\/\/noticiasveracruz.com\/index.php\/wp-json\/wp\/v2\/posts\/50376\/revisions"}],"wp:featuredmedia":[{"embeddable":true,"href":"https:\/\/noticiasveracruz.com\/index.php\/wp-json\/wp\/v2\/media\/50377"}],"wp:attachment":[{"href":"https:\/\/noticiasveracruz.com\/index.php\/wp-json\/wp\/v2\/media?parent=50376"}],"wp:term":[{"taxonomy":"category","embeddable":true,"href":"https:\/\/noticiasveracruz.com\/index.php\/wp-json\/wp\/v2\/categories?post=50376"},{"taxonomy":"post_tag","embeddable":true,"href":"https:\/\/noticiasveracruz.com\/index.php\/wp-json\/wp\/v2\/tags?post=50376"}],"curies":[{"name":"wp","href":"https:\/\/api.w.org\/{rel}","templated":true}]}}