{"id":50373,"date":"2025-02-16T00:03:02","date_gmt":"2025-02-16T06:03:02","guid":{"rendered":"https:\/\/noticiasveracruz.com\/?p=50373"},"modified":"2025-02-15T20:16:52","modified_gmt":"2025-02-16T02:16:52","slug":"entregan-tarjetas-de-beca-rita-cetina","status":"publish","type":"post","link":"https:\/\/noticiasveracruz.com\/index.php\/2025\/02\/16\/entregan-tarjetas-de-beca-rita-cetina\/","title":{"rendered":"Entregan tarjetas de beca Rita Cetina"},"content":{"rendered":"<p>La presidenta de M\u00e9xico, Claudia Sheinbaum Pardo y la gobernadora de Veracruz, Roc\u00edo Nahle Garc\u00eda entregaron tarjetas del Banco del Bienestar a madres, padres, familias y tutores, que a partir de marzo, podr\u00e1n disponer de la beca universal Rita Cetina.<\/p>\n<p>\u201cLe damos la bienvenida aqu\u00ed a este hermoso municipio a nuestra presidenta Claudia Sheinbaum Pardo. Bienvenida a Veracruz y bienvenidos todos los j\u00f3venes estudiantes, padres de familia a este importante evento de bienestar. Es parte de la pol\u00edtica de transformaci\u00f3n de nuestro gran movimiento\u201d, les expres\u00f3 la Gobernadora.<\/p>\n<p>Claudia Sheinbaum reafirm\u00f3 su compromiso con la educaci\u00f3n p\u00fablica y el bienestar social, \u00abestamos haciendo realidad un compromiso que asumimos en campa\u00f1a, pero tambi\u00e9n un sue\u00f1o: que todos los ni\u00f1os y ni\u00f1as que estudian en escuelas p\u00fablicas tengan beca, sin distinci\u00f3n\u00bb.<\/p>\n<p>Explic\u00f3 que la beca se otorgar\u00e1 a todos los adolescentes de secundaria inscritos en instituciones p\u00fablicas, garantizando as\u00ed un acceso equitativo a la educaci\u00f3n.<\/p>\n<p>Finalmente, hizo un llamado a la juventud y sus familias a mantenerse informados y alejados de las drogas, subrayando la importancia de la educaci\u00f3n en el desarrollo del pa\u00eds, \u201cesta beca es para ustedes, pero tambi\u00e9n es el resultado del esfuerzo de millones de mexicanos y mexicanas que contribuyen con sus impuestos\u00bb.<\/p>\n<p>Asistieron a la asamblea con el pueblo, el secretario de Educaci\u00f3n P\u00fablica, Mario Delgado Carrillo; el coordinador nacional de Becas para el Bienestar, Julio Le\u00f3n Trujillo y el delegado de los Programas para el Bienestar en Veracruz, Juan Javier G\u00f3mez Cazar\u00edn.<\/p>\n","protected":false},"excerpt":{"rendered":"<p>La presidenta de M\u00e9xico, Claudia Sheinbaum Pardo y la gobernadora de Veracruz, Roc\u00edo Nahle Garc\u00eda entregaron tarjetas del Banco del<\/p>\n","protected":false},"author":4,"featured_media":50374,"comment_status":"closed","ping_status":"closed","sticky":false,"template":"","format":"standard","meta":{"colormag_page_container_layout":"default_layout","colormag_page_sidebar_layout":"default_layout","_jetpack_memberships_contains_paid_content":false,"footnotes":"","jetpack_publicize_message":"","jetpack_publicize_feature_enabled":true,"jetpack_social_post_already_shared":true,"jetpack_social_options":{"image_generator_settings":{"template":"highway","default_image_id":0,"font":"","enabled":false},"version":2}},"categories":[356],"tags":[],"class_list":["post-50373","post","type-post","status-publish","format-standard","has-post-thumbnail","hentry","category-veracruz"],"jetpack_publicize_connections":[],"jetpack_featured_media_url":"https:\/\/noticiasveracruz.com\/wp-content\/uploads\/2025\/02\/8b-1.jpg","jetpack_sharing_enabled":true,"publishpress_future_action":{"enabled":false,"date":"2026-05-07 13:08:49","action":"change-status","newStatus":"draft","terms":[],"taxonomy":"category","extraData":[]},"publishpress_future_workflow_manual_trigger":{"enabledWorkflows":[]},"_links":{"self":[{"href":"https:\/\/noticiasveracruz.com\/index.php\/wp-json\/wp\/v2\/posts\/50373","targetHints":{"allow":["GET"]}}],"collection":[{"href":"https:\/\/noticiasveracruz.com\/index.php\/wp-json\/wp\/v2\/posts"}],"about":[{"href":"https:\/\/noticiasveracruz.com\/index.php\/wp-json\/wp\/v2\/types\/post"}],"author":[{"embeddable":true,"href":"https:\/\/noticiasveracruz.com\/index.php\/wp-json\/wp\/v2\/users\/4"}],"replies":[{"embeddable":true,"href":"https:\/\/noticiasveracruz.com\/index.php\/wp-json\/wp\/v2\/comments?post=50373"}],"version-history":[{"count":0,"href":"https:\/\/noticiasveracruz.com\/index.php\/wp-json\/wp\/v2\/posts\/50373\/revisions"}],"wp:featuredmedia":[{"embeddable":true,"href":"https:\/\/noticiasveracruz.com\/index.php\/wp-json\/wp\/v2\/media\/50374"}],"wp:attachment":[{"href":"https:\/\/noticiasveracruz.com\/index.php\/wp-json\/wp\/v2\/media?parent=50373"}],"wp:term":[{"taxonomy":"category","embeddable":true,"href":"https:\/\/noticiasveracruz.com\/index.php\/wp-json\/wp\/v2\/categories?post=50373"},{"taxonomy":"post_tag","embeddable":true,"href":"https:\/\/noticiasveracruz.com\/index.php\/wp-json\/wp\/v2\/tags?post=50373"}],"curies":[{"name":"wp","href":"https:\/\/api.w.org\/{rel}","templated":true}]}}