{"id":50370,"date":"2025-02-16T00:02:49","date_gmt":"2025-02-16T06:02:49","guid":{"rendered":"https:\/\/noticiasveracruz.com\/?p=50370"},"modified":"2025-02-15T20:15:36","modified_gmt":"2025-02-16T02:15:36","slug":"otorgan-tarjetas-de-pension-mujer-bienestar","status":"publish","type":"post","link":"https:\/\/noticiasveracruz.com\/index.php\/2025\/02\/16\/otorgan-tarjetas-de-pension-mujer-bienestar\/","title":{"rendered":"Otorgan tarjetas de pensi\u00f3n Mujer Bienestar"},"content":{"rendered":"<p>En el marco de la entrega de tarjetas de la Pensi\u00f3n Mujeres Bienestar, que beneficiar\u00e1 a 74 mil veracruzanas, la gobernadora Roc\u00edo Nahle Garc\u00eda dio la bienvenida a la presidenta, Claudia Sheinbaum Pardo, y destac\u00f3 que este programa es una muestra del compromiso con la dignidad y la equidad de g\u00e9nero.<\/p>\n<p>\u201cEs una promesa que hizo nuestra Presidenta, una promesa que, como ella bien ha dicho: Llegaba ella y lleg\u00e1bamos todas\u201d, afirm\u00f3.<\/p>\n<p>La mandataria estatal subray\u00f3 el respaldo del pueblo veracruzano: \u201cla recibimos con gusto, la apoyamos, la acompa\u00f1amos y estamos muy orgullosos de la Presidenta que tenemos. Es una mujer que se distingue por su cari\u00f1o, mesura y por haber puesto el nombre de M\u00e9xico en alto en este momento hist\u00f3rico\u201d.<\/p>\n<p>\u201cLa dignidad del pueblo de M\u00e9xico est\u00e1 a salvo y, como mujeres veracruzanas, nos sentimos representadas, acompa\u00f1adas y, lo m\u00e1s importante, visibilizadas\u201d, agreg\u00f3.<\/p>\n<p>En su mensaje, la Jefa del Ejecutivo Federal destac\u00f3 la labor incansable de la Gobernadora, a quien calific\u00f3 como una mujer \u201cinteligente, trabajadora y con una enorme convicci\u00f3n, Roc\u00edo lo logr\u00f3 todo, gan\u00f3, arras\u00f3 aqu\u00ed en Veracruz. Yo siempre dije que la gente de Veracruz quer\u00eda su transformaci\u00f3n, y as\u00ed fue\u201d, mencion\u00f3.<\/p>\n<p>Subray\u00f3 la importancia de continuar con los programas de bienestar iniciados durante el gobierno de Andr\u00e9s Manuel L\u00f3pez Obrador, de ah\u00ed que implement\u00f3 la Pensi\u00f3n Mujeres Bienestar para mujeres de 60 a 64 a\u00f1os; la Beca Universal de Educaci\u00f3n B\u00e1sica Rita Cetina, en un esfuerzo por garantizar igualdad de oportunidades en la educaci\u00f3n p\u00fablica; Salud Casa por Casa, para ofrecer atenci\u00f3n m\u00e9dica y prevenci\u00f3n a adultos mayores y personas con discapacidad.<\/p>\n<p>Finalmente, anunci\u00f3 el compromiso de un Centro de Salud con Servicios Ampliados en la regi\u00f3n, el director del IMSS Bienestar, Alejandro Schwartz y la Gobernadora definieran el lugar de construcci\u00f3n; la edificaci\u00f3n de una sede de la Universidad Nacional Rosario Castellanos y soluci\u00f3n al colector pluvial en Plan del R\u00edo.<\/p>\n","protected":false},"excerpt":{"rendered":"<p>En el marco de la entrega de tarjetas de la Pensi\u00f3n Mujeres Bienestar, que beneficiar\u00e1 a 74 mil veracruzanas, la<\/p>\n","protected":false},"author":4,"featured_media":50371,"comment_status":"closed","ping_status":"closed","sticky":false,"template":"","format":"standard","meta":{"colormag_page_container_layout":"default_layout","colormag_page_sidebar_layout":"default_layout","_jetpack_memberships_contains_paid_content":false,"footnotes":"","jetpack_publicize_message":"","jetpack_publicize_feature_enabled":true,"jetpack_social_post_already_shared":true,"jetpack_social_options":{"image_generator_settings":{"template":"highway","default_image_id":0,"font":"","enabled":false},"version":2}},"categories":[356],"tags":[],"class_list":["post-50370","post","type-post","status-publish","format-standard","has-post-thumbnail","hentry","category-veracruz"],"jetpack_publicize_connections":[],"jetpack_featured_media_url":"https:\/\/noticiasveracruz.com\/wp-content\/uploads\/2025\/02\/8c-2.jpg","jetpack_sharing_enabled":true,"publishpress_future_action":{"enabled":false,"date":"2026-05-07 13:57:04","action":"change-status","newStatus":"draft","terms":[],"taxonomy":"category","extraData":[]},"publishpress_future_workflow_manual_trigger":{"enabledWorkflows":[]},"_links":{"self":[{"href":"https:\/\/noticiasveracruz.com\/index.php\/wp-json\/wp\/v2\/posts\/50370","targetHints":{"allow":["GET"]}}],"collection":[{"href":"https:\/\/noticiasveracruz.com\/index.php\/wp-json\/wp\/v2\/posts"}],"about":[{"href":"https:\/\/noticiasveracruz.com\/index.php\/wp-json\/wp\/v2\/types\/post"}],"author":[{"embeddable":true,"href":"https:\/\/noticiasveracruz.com\/index.php\/wp-json\/wp\/v2\/users\/4"}],"replies":[{"embeddable":true,"href":"https:\/\/noticiasveracruz.com\/index.php\/wp-json\/wp\/v2\/comments?post=50370"}],"version-history":[{"count":0,"href":"https:\/\/noticiasveracruz.com\/index.php\/wp-json\/wp\/v2\/posts\/50370\/revisions"}],"wp:featuredmedia":[{"embeddable":true,"href":"https:\/\/noticiasveracruz.com\/index.php\/wp-json\/wp\/v2\/media\/50371"}],"wp:attachment":[{"href":"https:\/\/noticiasveracruz.com\/index.php\/wp-json\/wp\/v2\/media?parent=50370"}],"wp:term":[{"taxonomy":"category","embeddable":true,"href":"https:\/\/noticiasveracruz.com\/index.php\/wp-json\/wp\/v2\/categories?post=50370"},{"taxonomy":"post_tag","embeddable":true,"href":"https:\/\/noticiasveracruz.com\/index.php\/wp-json\/wp\/v2\/tags?post=50370"}],"curies":[{"name":"wp","href":"https:\/\/api.w.org\/{rel}","templated":true}]}}