{"id":50350,"date":"2025-02-15T00:18:40","date_gmt":"2025-02-15T06:18:40","guid":{"rendered":"https:\/\/noticiasveracruz.com\/?p=50350"},"modified":"2025-02-14T18:21:32","modified_gmt":"2025-02-15T00:21:32","slug":"zelensky-se-reune-con-vicepresidente-estadunidense-en-munich","status":"publish","type":"post","link":"https:\/\/noticiasveracruz.com\/index.php\/2025\/02\/15\/zelensky-se-reune-con-vicepresidente-estadunidense-en-munich\/","title":{"rendered":"Zelensky se re\u00fane con vicepresidente estadunidense en M\u00fanich"},"content":{"rendered":"<p>El presidente ucranio, Volodimir Zelensky, est\u00e1 reunido con el vicepresidente estadunidense, J.D. Vance, al margen de la Conferencia de Seguridad de M\u00fanich, anunci\u00f3 el viernes un portavoz del dirigente ucraniano.<\/p>\n<p>\u00abLa reuni\u00f3n entre el presidente ucranio Volodymir Zelensky y el vicepresidente estadunidense J.D. Vance en M\u00fanich comenz\u00f3\u00bb, declar\u00f3 el vocero Sergii Nikiforov.<\/p>\n","protected":false},"excerpt":{"rendered":"<p>El presidente ucranio, Volodimir Zelensky, est\u00e1 reunido con el vicepresidente estadunidense, J.D. Vance, al margen de la Conferencia de Seguridad de M\u00fanich, anunci\u00f3 el viernes un portavoz del dirigente ucraniano. \u00abLa reuni\u00f3n entre el presidente ucranio Volodymir Zelensky y el vicepresidente estadunidense J.D. Vance en M\u00fanich comenz\u00f3\u00bb, declar\u00f3 el vocero Sergii Nikiforov.<\/p>\n","protected":false},"author":4,"featured_media":50351,"comment_status":"closed","ping_status":"closed","sticky":false,"template":"","format":"standard","meta":{"_jetpack_newsletter_access":"","_jetpack_dont_email_post_to_subs":false,"_jetpack_newsletter_tier_id":0,"_jetpack_memberships_contains_paywalled_content":false,"_jetpack_feature_clip_id":0,"_jetpack_memberships_contains_paid_content":false,"footnotes":"","jetpack_publicize_message":"","jetpack_publicize_feature_enabled":true,"jetpack_social_post_already_shared":true,"jetpack_social_options":{"image_generator_settings":{"template":"highway","default_image_id":0,"font":"","enabled":false},"version":2},"jetpack_post_was_ever_published":false},"categories":[355],"tags":[],"class_list":["post-50350","post","type-post","status-publish","format-standard","has-post-thumbnail","hentry","category-internacional"],"jetpack_publicize_connections":[],"jetpack_sharing_enabled":true,"publishpress_future_action":{"enabled":false,"date":"2026-09-08 07:31:56","action":"change-status","newStatus":"draft","terms":[],"taxonomy":"category","extraData":[]},"publishpress_future_workflow_manual_trigger":{"enabledWorkflows":[]},"jetpack_featured_media_url":"https:\/\/noticiasveracruz.com\/wp-content\/uploads\/2025\/02\/REUIOK.jpg","_links":{"self":[{"href":"https:\/\/noticiasveracruz.com\/index.php\/wp-json\/wp\/v2\/posts\/50350","targetHints":{"allow":["GET"]}}],"collection":[{"href":"https:\/\/noticiasveracruz.com\/index.php\/wp-json\/wp\/v2\/posts"}],"about":[{"href":"https:\/\/noticiasveracruz.com\/index.php\/wp-json\/wp\/v2\/types\/post"}],"author":[{"embeddable":true,"href":"https:\/\/noticiasveracruz.com\/index.php\/wp-json\/wp\/v2\/users\/4"}],"replies":[{"embeddable":true,"href":"https:\/\/noticiasveracruz.com\/index.php\/wp-json\/wp\/v2\/comments?post=50350"}],"version-history":[{"count":0,"href":"https:\/\/noticiasveracruz.com\/index.php\/wp-json\/wp\/v2\/posts\/50350\/revisions"}],"wp:featuredmedia":[{"embeddable":true,"href":"https:\/\/noticiasveracruz.com\/index.php\/wp-json\/wp\/v2\/media\/50351"}],"wp:attachment":[{"href":"https:\/\/noticiasveracruz.com\/index.php\/wp-json\/wp\/v2\/media?parent=50350"}],"wp:term":[{"taxonomy":"category","embeddable":true,"href":"https:\/\/noticiasveracruz.com\/index.php\/wp-json\/wp\/v2\/categories?post=50350"},{"taxonomy":"post_tag","embeddable":true,"href":"https:\/\/noticiasveracruz.com\/index.php\/wp-json\/wp\/v2\/tags?post=50350"}],"curies":[{"name":"wp","href":"https:\/\/api.w.org\/{rel}","templated":true}]}}