{"id":5035,"date":"2022-06-06T20:16:30","date_gmt":"2022-06-07T01:16:30","guid":{"rendered":"https:\/\/noticiasveracruz.com\/?p=5035"},"modified":"2022-06-06T20:20:49","modified_gmt":"2022-06-07T01:20:49","slug":"presidente-no-voy-a-la-cumbre","status":"publish","type":"post","link":"https:\/\/noticiasveracruz.com\/index.php\/2022\/06\/06\/presidente-no-voy-a-la-cumbre\/","title":{"rendered":"Presidente, \u201cNo voy a la Cumbre\u201d"},"content":{"rendered":"<p>&nbsp;<\/p>\n<p class=\"p1\"><span style=\"font-size: 14pt;\"><em><strong>Ciudad de M\u00e9xico.<\/strong><\/em> El <strong>presidente Andr\u00e9s Manuel L\u00f3pez Obrador<\/strong> inform\u00f3 que <strong>no asistir\u00e1 a la\u00a0IX Cumbre de las Am\u00e9ricas<\/strong>\u00a0que se llevar\u00e1 a cabo esta semana en Los \u00c1ngeles, California. En su representaci\u00f3n <strong>participar\u00e1 el secretario de Relaciones Exteriores, Marcelo Ebrard Casaubon.<\/strong><\/span><\/p>\n<blockquote>\n<p class=\"p1\"><span style=\"font-size: 14pt;\">No voy a la Cumbre porque no se invita a todos los pa\u00edses de Am\u00e9rica. Yo creo en la necesidad de cambiar la pol\u00edtica que se ha venido imponiendo desde hace siglos, la exclusi\u00f3n, el querer dominar sin raz\u00f3n alguna, el no respetar la soberan\u00eda de los pa\u00edses\u201d, explic\u00f3.<\/span><\/p>\n<\/blockquote>\n<p class=\"p1\"><span style=\"font-size: 18pt;\"><strong>Andr\u00e9s Manuel L\u00f3pez Obrador puntualiz\u00f3 que este encuentro no puede llevarse a cabo solo con algunos integrantes del continente.<\/strong><\/span><\/p>\n<blockquote>\n<p class=\"p1\"><span style=\"font-size: 14pt;\">No acepto que nadie se sit\u00fae por encima de los pa\u00edses; no acepto hegemon\u00edas ni de China, ni de Rusia, ni de Estados Unidos. Todos los pa\u00edses, por peque\u00f1os que sean, son libres y son independientes\u201d, remarc\u00f3.<\/span><\/p>\n<\/blockquote>\n<p class=\"p1\"><strong><span style=\"font-size: 18pt;\">El Gobierno de M\u00e9xico seguir\u00e1 manteniendo buenas relaciones con el presidente de Estados Unidos, Joseph Biden, afirm\u00f3 el jefe del Ejecutivo.<\/span><\/strong><\/p>\n<blockquote>\n<p class=\"p1\"><span style=\"font-size: 14pt;\">Lamento mucho no poder encontrarme con el presidente Biden porque lo considero un hombre bueno, pero est\u00e1 sometido a fuertes presiones de los republicanos, extremistas y de algunos dirigentes de la comunidad cubana en Estados Unidos, que tienen mucha influencia\u201d, se\u00f1al\u00f3.<\/span><\/p>\n<\/blockquote>\n<p>&nbsp;<\/p>\n<p><img loading=\"lazy\" decoding=\"async\" class=\"aligncenter wp-image-6244 size-large\" src=\"https:\/\/politicosaldesnudo.com.mx\/wp-content\/uploads\/2022\/06\/P-CUMBRE1-1024x573.png\" alt=\"\" width=\"800\" height=\"448\" \/><\/p>\n<p>&nbsp;<\/p>\n<p><span style=\"font-size: 18pt;\"><strong>JULIO, AMLO EN CASA BLANCA<\/strong><\/span><\/p>\n<p class=\"p1\"><span style=\"font-size: 18pt;\"><strong>Anunci\u00f3 que\u00a0visitar\u00e1 a su hom\u00f3logo en la Casa Blanca en julio\u00a0para dialogar sobre la regularizaci\u00f3n de mexicanos en Estados Unidos, el fen\u00f3meno migratorio en Centroam\u00e9rica y la integraci\u00f3n de naciones de la regi\u00f3n con respeto a su soberan\u00eda.<\/strong><\/span><\/p>\n<blockquote>\n<p class=\"p1\"><span style=\"font-size: 14pt;\">Quiero tratar el tema de la integraci\u00f3n de toda Am\u00e9rica, porque mi planteamiento es que, as\u00ed como se cre\u00f3 la Comunidad Europea y luego pas\u00f3 a ser la Uni\u00f3n Europea, as\u00ed necesitamos hacerlo en Am\u00e9rica, pero esto va a significar un cambio en la pol\u00edtica\u201d, apunt\u00f3.<\/span><\/p>\n<\/blockquote>\n<p class=\"p1\"><span style=\"font-size: 18pt;\"><strong>Reiter\u00f3 el llamado a consolidar la hermandad y una pol\u00edtica de buena vecindad entre los pa\u00edses de Am\u00e9rica, en lugar de fomentar la confrontaci\u00f3n y los bloqueos.<\/strong><\/span><\/p>\n<blockquote>\n<p class=\"p1\"><span style=\"font-size: 14pt;\">Nos conviene por nuestras relaciones de cultura, por nuestra amistad, pero tambi\u00e9n por nuestras relaciones econ\u00f3micas y comerciales\u201d, enfatiz\u00f3.<\/span><\/p>\n<\/blockquote>\n<p class=\"p1\"><span style=\"font-size: 14pt;\">Adelant\u00f3 que antes de viajar a Estados Unidos, el canciller Marcelo Ebrard Casaubon presentar\u00e1 las propuestas que llevar\u00e1 a la IX Cumbre de las Am\u00e9ricas.<\/span><\/p>\n<p>&nbsp;<\/p>\n<p>&nbsp;<\/p>\n","protected":false},"excerpt":{"rendered":"<p>&nbsp; Ciudad de M\u00e9xico. El presidente Andr\u00e9s Manuel L\u00f3pez Obrador inform\u00f3 que no asistir\u00e1 a la\u00a0IX Cumbre de las Am\u00e9ricas\u00a0que<\/p>\n","protected":false},"author":4,"featured_media":5037,"comment_status":"closed","ping_status":"closed","sticky":false,"template":"","format":"standard","meta":{"colormag_page_container_layout":"default_layout","colormag_page_sidebar_layout":"default_layout","_jetpack_memberships_contains_paid_content":false,"footnotes":"","jetpack_publicize_message":"","jetpack_publicize_feature_enabled":true,"jetpack_social_post_already_shared":false,"jetpack_social_options":{"image_generator_settings":{"template":"highway","default_image_id":0,"font":"","enabled":false},"version":2}},"categories":[4],"tags":[65,560,92,19],"class_list":["post-5035","post","type-post","status-publish","format-standard","has-post-thumbnail","hentry","category-nacional","tag-andres-manuel-lopez-obrador","tag-cumbre-de-las-americas","tag-estados-unidos","tag-joe-biden"],"jetpack_publicize_connections":[],"jetpack_featured_media_url":"https:\/\/noticiasveracruz.com\/wp-content\/uploads\/2022\/06\/P-CUMBRE2.png","jetpack_sharing_enabled":true,"publishpress_future_action":{"enabled":false,"date":"2026-05-07 14:53:58","action":"change-status","newStatus":"draft","terms":[],"taxonomy":"category","extraData":[]},"publishpress_future_workflow_manual_trigger":{"enabledWorkflows":[]},"_links":{"self":[{"href":"https:\/\/noticiasveracruz.com\/index.php\/wp-json\/wp\/v2\/posts\/5035","targetHints":{"allow":["GET"]}}],"collection":[{"href":"https:\/\/noticiasveracruz.com\/index.php\/wp-json\/wp\/v2\/posts"}],"about":[{"href":"https:\/\/noticiasveracruz.com\/index.php\/wp-json\/wp\/v2\/types\/post"}],"author":[{"embeddable":true,"href":"https:\/\/noticiasveracruz.com\/index.php\/wp-json\/wp\/v2\/users\/4"}],"replies":[{"embeddable":true,"href":"https:\/\/noticiasveracruz.com\/index.php\/wp-json\/wp\/v2\/comments?post=5035"}],"version-history":[{"count":0,"href":"https:\/\/noticiasveracruz.com\/index.php\/wp-json\/wp\/v2\/posts\/5035\/revisions"}],"wp:featuredmedia":[{"embeddable":true,"href":"https:\/\/noticiasveracruz.com\/index.php\/wp-json\/wp\/v2\/media\/5037"}],"wp:attachment":[{"href":"https:\/\/noticiasveracruz.com\/index.php\/wp-json\/wp\/v2\/media?parent=5035"}],"wp:term":[{"taxonomy":"category","embeddable":true,"href":"https:\/\/noticiasveracruz.com\/index.php\/wp-json\/wp\/v2\/categories?post=5035"},{"taxonomy":"post_tag","embeddable":true,"href":"https:\/\/noticiasveracruz.com\/index.php\/wp-json\/wp\/v2\/tags?post=5035"}],"curies":[{"name":"wp","href":"https:\/\/api.w.org\/{rel}","templated":true}]}}