{"id":50338,"date":"2025-02-15T00:14:33","date_gmt":"2025-02-15T06:14:33","guid":{"rendered":"https:\/\/noticiasveracruz.com\/?p=50338"},"modified":"2025-02-14T18:11:27","modified_gmt":"2025-02-15T00:11:27","slug":"renuncia-al-cargo-la-secretaria-de-seguridad-de-cuernavaca","status":"publish","type":"post","link":"https:\/\/noticiasveracruz.com\/index.php\/2025\/02\/15\/renuncia-al-cargo-la-secretaria-de-seguridad-de-cuernavaca\/","title":{"rendered":"Renuncia al cargo la secretaria de Seguridad de Cuernavaca"},"content":{"rendered":"<p>La secretaria de Seguridad Protecci\u00f3n y Auxilio Ciudadano de Cuernavaca (Seprac), Alicia V\u00e1zquez Luna, present\u00f3 su renuncia \u201cpor razones personales y de salud\u201d.<\/p>\n<p>La funcionaria dio a conocer su decisi\u00f3n con fecha del 13 de febrero, pero seg\u00fan el ayuntamiento \u00e9sta \u201cha manifestado su disposici\u00f3n para continuar en el cargo hasta la designaci\u00f3n de su sucesora o sucesor\u201d.<\/p>\n<p>Alicia V\u00e1zquez ocup\u00f3 la titularidad de seguridad p\u00fablica durante el primer trienio del gobierno de Jos\u00e9 Luis Uri\u00f3stegui; fue ratificada por la mayor\u00eda de integrantes del cabildo, a principios de enero y el \u00fanico regidor que vot\u00f3 en contra fue el morenista y luchador social, Gabriel Rivas R\u00edos, porque asegur\u00f3 que la funcionaria \u201cha dado nulos resultados en materia de seguridad p\u00fablica\u201d en este municipio.<\/p>\n<p>La renuncia de V\u00e1zquez Luna se dio en el contexto de revisi\u00f3n de los mandos municipales por parte de la Secretar\u00eda de Seguridad y Protecci\u00f3n Ciudadana del gobierno del estado, que encabeza Miguel \u00c1ngel Urrutia, quien se refer\u00eda a quienes estaban al frente de estas \u00e1reas como encargados de despacho, no titulares, porque subray\u00f3 que tendr\u00edan que pasar ex\u00e1menes de control y confianza. Y de acuerdo a esos resultados, iban a ser ratificados en o destituidos en sus puestos.<\/p>\n","protected":false},"excerpt":{"rendered":"<p>La secretaria de Seguridad Protecci\u00f3n y Auxilio Ciudadano de Cuernavaca (Seprac), Alicia V\u00e1zquez Luna, present\u00f3 su renuncia \u201cpor razones personales<\/p>\n","protected":false},"author":4,"featured_media":50339,"comment_status":"closed","ping_status":"closed","sticky":false,"template":"","format":"standard","meta":{"colormag_page_container_layout":"default_layout","colormag_page_sidebar_layout":"default_layout","_jetpack_memberships_contains_paid_content":false,"footnotes":"","jetpack_publicize_message":"","jetpack_publicize_feature_enabled":true,"jetpack_social_post_already_shared":true,"jetpack_social_options":{"image_generator_settings":{"template":"highway","default_image_id":0,"font":"","enabled":false},"version":2}},"categories":[145],"tags":[],"class_list":["post-50338","post","type-post","status-publish","format-standard","has-post-thumbnail","hentry","category-estados"],"jetpack_publicize_connections":[],"jetpack_featured_media_url":"https:\/\/noticiasveracruz.com\/wp-content\/uploads\/2025\/02\/Alicia-Vazquez-renuncia-como-secretaria-de-Seguridad-Publica-de-Cuernavaca.jpeg","jetpack_sharing_enabled":true,"publishpress_future_action":{"enabled":false,"date":"2026-05-10 06:46:33","action":"change-status","newStatus":"draft","terms":[],"taxonomy":"category","extraData":[]},"publishpress_future_workflow_manual_trigger":{"enabledWorkflows":[]},"_links":{"self":[{"href":"https:\/\/noticiasveracruz.com\/index.php\/wp-json\/wp\/v2\/posts\/50338","targetHints":{"allow":["GET"]}}],"collection":[{"href":"https:\/\/noticiasveracruz.com\/index.php\/wp-json\/wp\/v2\/posts"}],"about":[{"href":"https:\/\/noticiasveracruz.com\/index.php\/wp-json\/wp\/v2\/types\/post"}],"author":[{"embeddable":true,"href":"https:\/\/noticiasveracruz.com\/index.php\/wp-json\/wp\/v2\/users\/4"}],"replies":[{"embeddable":true,"href":"https:\/\/noticiasveracruz.com\/index.php\/wp-json\/wp\/v2\/comments?post=50338"}],"version-history":[{"count":0,"href":"https:\/\/noticiasveracruz.com\/index.php\/wp-json\/wp\/v2\/posts\/50338\/revisions"}],"wp:featuredmedia":[{"embeddable":true,"href":"https:\/\/noticiasveracruz.com\/index.php\/wp-json\/wp\/v2\/media\/50339"}],"wp:attachment":[{"href":"https:\/\/noticiasveracruz.com\/index.php\/wp-json\/wp\/v2\/media?parent=50338"}],"wp:term":[{"taxonomy":"category","embeddable":true,"href":"https:\/\/noticiasveracruz.com\/index.php\/wp-json\/wp\/v2\/categories?post=50338"},{"taxonomy":"post_tag","embeddable":true,"href":"https:\/\/noticiasveracruz.com\/index.php\/wp-json\/wp\/v2\/tags?post=50338"}],"curies":[{"name":"wp","href":"https:\/\/api.w.org\/{rel}","templated":true}]}}