{"id":50308,"date":"2025-02-15T00:04:14","date_gmt":"2025-02-15T06:04:14","guid":{"rendered":"https:\/\/noticiasveracruz.com\/?p=50308"},"modified":"2025-02-14T17:44:55","modified_gmt":"2025-02-14T23:44:55","slug":"autoridades-deben-promover-un-precio-justo-para-el-cafe-veracruzano-diputado","status":"publish","type":"post","link":"https:\/\/noticiasveracruz.com\/index.php\/2025\/02\/15\/autoridades-deben-promover-un-precio-justo-para-el-cafe-veracruzano-diputado\/","title":{"rendered":"Autoridades deben promover un precio justo para el caf\u00e9 veracruzano: diputado"},"content":{"rendered":"<p>Es injusto el precio que las grandes transnacionales pagan por el caf\u00e9 de los productores veracruzanos, por lo que es urgente la instalaci\u00f3n de una mesa de trabajo para atender esa situaci\u00f3n que golpea a los cafeticultores, asegur\u00f3 el diputado federal Adri\u00e1n Gonz\u00e1lez Naveda.<\/p>\n<p>En entrevista, el representante popular por el distrito federal electoral de Coatepec expuso que no hay precios justos, tampoco una pol\u00edtica que aliente al productor de baja escala, desde la producci\u00f3n hasta su distribuci\u00f3n con caf\u00e9 de grano reci\u00e9n tostado en el abasto nacional.<\/p>\n<p>Explic\u00f3 que con el alza del precio del grano en la Bolsa de Nueva York, el caf\u00e9 podr\u00eda pagarse a 28 pesos el kilogramo, sin embargo, en los \u00faltimos d\u00edas se aplicaron 8 mil 800 pesos de castigo por tonelada de grano al peque\u00f1o productor.<\/p>\n<p>Record\u00f3 que en el 2021 se solicit\u00f3 a la Secretar\u00eda de Desarrollo Agropecuario, Rural y Pesca (Sedarpa) del Gobierno del Estado de Veracruz, la publicaci\u00f3n de datos b\u00e1sicos del precio del caf\u00e9. En 2022, esa dependencia recibi\u00f3 a los cafetaleros, pero en esa reuni\u00f3n no hubo resultados halag\u00fce\u00f1os. Poco tiempo despu\u00e9s ocurri\u00f3 el incendio en AMSA y un a\u00f1o m\u00e1s tarde la detenci\u00f3n de cinco personas.<\/p>\n<p>Al respecto, el diputado Adri\u00e1n Gonz\u00e1lez Naveda pidi\u00f3 apoyo para la instalaci\u00f3n de la Comisi\u00f3n Nacional de Seguimiento a Precios del Caf\u00e9. \u201cNo es posible que se siga tratando a los productores de caf\u00e9 de esa manera, hoy m\u00e1s que nunca necesitan el respaldo de las instancias correspondientes\u201d, se\u00f1al\u00f3 por \u00faltimo el legislador federal coatepecano.<\/p>\n","protected":false},"excerpt":{"rendered":"<p>Es injusto el precio que las grandes transnacionales pagan por el caf\u00e9 de los productores veracruzanos, por lo que es<\/p>\n","protected":false},"author":4,"featured_media":50309,"comment_status":"closed","ping_status":"closed","sticky":false,"template":"","format":"standard","meta":{"colormag_page_container_layout":"default_layout","colormag_page_sidebar_layout":"default_layout","_jetpack_memberships_contains_paid_content":false,"footnotes":"","jetpack_publicize_message":"","jetpack_publicize_feature_enabled":true,"jetpack_social_post_already_shared":true,"jetpack_social_options":{"image_generator_settings":{"template":"highway","default_image_id":0,"font":"","enabled":false},"version":2}},"categories":[1],"tags":[],"class_list":["post-50308","post","type-post","status-publish","format-standard","has-post-thumbnail","hentry","category-sin-categoria"],"jetpack_publicize_connections":[],"jetpack_featured_media_url":"https:\/\/noticiasveracruz.com\/wp-content\/uploads\/2025\/02\/50447291-arbol-de-cafe-de-verdad-en-primer-plano-campo-de-la-agricultura.jpg","jetpack_sharing_enabled":true,"publishpress_future_action":{"enabled":false,"date":"2026-05-08 10:36:47","action":"change-status","newStatus":"draft","terms":[],"taxonomy":"category","extraData":[]},"publishpress_future_workflow_manual_trigger":{"enabledWorkflows":[]},"_links":{"self":[{"href":"https:\/\/noticiasveracruz.com\/index.php\/wp-json\/wp\/v2\/posts\/50308","targetHints":{"allow":["GET"]}}],"collection":[{"href":"https:\/\/noticiasveracruz.com\/index.php\/wp-json\/wp\/v2\/posts"}],"about":[{"href":"https:\/\/noticiasveracruz.com\/index.php\/wp-json\/wp\/v2\/types\/post"}],"author":[{"embeddable":true,"href":"https:\/\/noticiasveracruz.com\/index.php\/wp-json\/wp\/v2\/users\/4"}],"replies":[{"embeddable":true,"href":"https:\/\/noticiasveracruz.com\/index.php\/wp-json\/wp\/v2\/comments?post=50308"}],"version-history":[{"count":0,"href":"https:\/\/noticiasveracruz.com\/index.php\/wp-json\/wp\/v2\/posts\/50308\/revisions"}],"wp:featuredmedia":[{"embeddable":true,"href":"https:\/\/noticiasveracruz.com\/index.php\/wp-json\/wp\/v2\/media\/50309"}],"wp:attachment":[{"href":"https:\/\/noticiasveracruz.com\/index.php\/wp-json\/wp\/v2\/media?parent=50308"}],"wp:term":[{"taxonomy":"category","embeddable":true,"href":"https:\/\/noticiasveracruz.com\/index.php\/wp-json\/wp\/v2\/categories?post=50308"},{"taxonomy":"post_tag","embeddable":true,"href":"https:\/\/noticiasveracruz.com\/index.php\/wp-json\/wp\/v2\/tags?post=50308"}],"curies":[{"name":"wp","href":"https:\/\/api.w.org\/{rel}","templated":true}]}}