{"id":50305,"date":"2025-02-15T00:03:37","date_gmt":"2025-02-15T06:03:37","guid":{"rendered":"https:\/\/noticiasveracruz.com\/?p=50305"},"modified":"2025-02-14T17:43:08","modified_gmt":"2025-02-14T23:43:08","slug":"desmienten-renuncia-de-la-fiscal-general-son-rumores-diputado","status":"publish","type":"post","link":"https:\/\/noticiasveracruz.com\/index.php\/2025\/02\/15\/desmienten-renuncia-de-la-fiscal-general-son-rumores-diputado\/","title":{"rendered":"Desmienten renuncia de la fiscal general; son rumores: diputado"},"content":{"rendered":"<p>El presidente de la Junta de Coordinaci\u00f3n Pol\u00edtica (Jucopo) del Congreso, Esteban Bautista Hern\u00e1ndez, desminti\u00f3 que la fiscal general Ver\u00f3nica Hern\u00e1ndez Giad\u00e1ns haya renunciado a su cargo y aclar\u00f3 que a\u00fan no se ha fijado una fecha para discutir la iniciativa de ley que modificar\u00eda la duraci\u00f3n de la permanencia del titular de la Fiscal\u00eda de nueve a cuatro a\u00f1os. Refiri\u00f3 que dicha informaci\u00f3n ha corrido \u201ccomo reguero de p\u00f3lvora\u201d pero que \u00fanicamente son \u201ccomentarios\u201d.<\/p>\n<p>\u201cCorri\u00f3 como reguero de p\u00f3lvora que hab\u00eda renunciado. Yo tengo excelente relaci\u00f3n con la fiscal y fueron solamente comentarios\u201d, enfatiz\u00f3.<\/p>\n<p>Asimismo, coment\u00f3 que actualmente no hay fecha para votar la iniciativa del legislador morenista Diego Casta\u00f1eda Aburto en cuanto a la designaci\u00f3n, el periodo del cargo y la remoci\u00f3n del titular de la Fiscal\u00eda.<\/p>\n<p>En otro tema, asegur\u00f3 que en Veracruz no se apoyar\u00e1 a funcionarios que quieran \u201cheredar\u201d o dejar a familiares en el cargo. Consider\u00f3 que es repudiable que haya quien pretenda \u201cheredar\u201d cargos a familiares, aunque respeta la opini\u00f3n del presidente del Senado, Gerardo Fern\u00e1ndez Noro\u00f1a, que no ve mal este tipo de pr\u00e1cticas.<\/p>\n<p>\u201cEn Veracruz no los vamos a apoyar. Quien est\u00e9 pensando dejar a su hijo, hermano o esposa es repudiable y reprobable. Es respetable lo que diga Noro\u00f1a pero a mi juicio est\u00e1 muy mal porque hay otros liderazgos que pueden hacer el trabajo\u201d, coment\u00f3.<\/p>\n<p>Cuestionado sobre el proceso de registro de aspirantes para la elecci\u00f3n de jueces y magistrados del Poder Judicial de Veracruz, refiri\u00f3 que se tienen 236 aspirantes. \u201cS\u00ed hubo mucha participaci\u00f3n, se van analizando minuciosamente los perfiles de quienes aspiran. Todos van a participar en el proceso pero hay un filtro y hasta anoche hab\u00eda 236 y al rato cruzaremos informaci\u00f3n con el Poder Judicial, que ser\u00e1n los que est\u00e9n en la etapa de escrutinio\u201d.<\/p>\n<p>En otro tema, el diputado expuso que se han acercado con \u00e9l al menos 32 aspirantes a candidatos morenistas y dijo que les ha se\u00f1alado que \u00e9l no forma parte de la comisi\u00f3n que eval\u00faa los perfiles. Sin embargo, ante la queja de que existe una lista de aspirantes \u201cpalomeados\u201d respondi\u00f3 que pedir\u00e1 al dirigente estatal que los filtros de aspirantes \u201cse hagan bien\u201d.<\/p>\n<p>\u201cEl mensaje que le estamos dando es que tienen libertad de inscribirse pero yo no formo parte de la comisi\u00f3n de candidatos, hay un \u00f3rgano nacional y otro estatal y ellos van haciendo los filtros. Les digo que le echen ganas, que se muevan porque \u2013sin criticarlos\u2013 hay muchos que piensan que con inscribirse y sacarlo en el Facebook ser\u00e1n candidatos\u201d.<\/p>\n<p>Ocho funcionarios municipales solicitaron licencia temporal para separarse de sus funciones. Adem\u00e1s, cuatro funcionarios de Texistepec presentaron su renuncia al cargo; se trata de Margarita S\u00e1nchez Castillo, Eduardo Parra Dom\u00ednguez, Surisaray P\u00e9rez Flores y Yuselmi Gonz\u00e1lez Carri\u00f3n, s\u00edndica, regidor primero suplente en funciones y regidora segunda, as\u00ed como la s\u00edndica suplente. A estos se suman las solicitudes de Fernando de la Luz Bello Mor\u00edn, regidor primero de Altotonga, quien pidi\u00f3 licencia del 15 de febrero al 15 de julio.<\/p>\n<p>En \u00c1ngel R. Cabada, la s\u00edndica Samantha S\u00e1nchez del Hoyo solicit\u00f3 separarse del cargo del 10 de febrero al 9 de junio. En Cerro Azul, la s\u00edndica Am\u00e9rica Mart\u00ednez Sierra solicit\u00f3 licencia del 15 de febrero al 15 de junio; mientras que en Isla la pidi\u00f3 el regidor segundo Gabriel Enr\u00edquez P\u00e9rez.<\/p>\n<p>Por cuanto hace a Tantoyuca, F\u00e9lix Arturo Herrera Hern\u00e1ndez, regidor quinto, solicit\u00f3 ausentarse de sus responsabilidades del 22 de enero al 31 de diciembre de 2025. La s\u00edndica de Teocelo, Daniela Villegas Olmos, solicit\u00f3 licencia desde el 1\u00b0 de marzo al 8 de junio; Israel Asiain Garc\u00eda, s\u00edndico de Tlachichilco, quiere separarse del 6 de marzo al 6 de junio. Elsa Mar\u00eda Moreno Cobo, s\u00edndica de Uxpanapa, pidi\u00f3 licencia del 6 de febrero al 2 de junio.<\/p>\n<p>Asimismo, en Lerdo de Tejada se notific\u00f3 la reincorporaci\u00f3n de Jorge Fabi\u00e1n C\u00e1rdenas Sosa como presidente municipal tras la sesi\u00f3n de Cabildo del 21 de enero.<\/p>\n","protected":false},"excerpt":{"rendered":"<p>El presidente de la Junta de Coordinaci\u00f3n Pol\u00edtica (Jucopo) del Congreso, Esteban Bautista Hern\u00e1ndez, desminti\u00f3 que la fiscal general Ver\u00f3nica<\/p>\n","protected":false},"author":4,"featured_media":50306,"comment_status":"closed","ping_status":"closed","sticky":false,"template":"","format":"standard","meta":{"colormag_page_container_layout":"default_layout","colormag_page_sidebar_layout":"default_layout","_jetpack_memberships_contains_paid_content":false,"footnotes":"","jetpack_publicize_message":"","jetpack_publicize_feature_enabled":true,"jetpack_social_post_already_shared":true,"jetpack_social_options":{"image_generator_settings":{"template":"highway","default_image_id":0,"font":"","enabled":false},"version":2}},"categories":[356],"tags":[],"class_list":["post-50305","post","type-post","status-publish","format-standard","has-post-thumbnail","hentry","category-veracruz"],"jetpack_publicize_connections":[],"jetpack_featured_media_url":"https:\/\/noticiasveracruz.com\/wp-content\/uploads\/2025\/02\/DIP.jpg","jetpack_sharing_enabled":true,"publishpress_future_action":{"enabled":false,"date":"2026-05-08 08:55:47","action":"change-status","newStatus":"draft","terms":[],"taxonomy":"category","extraData":[]},"publishpress_future_workflow_manual_trigger":{"enabledWorkflows":[]},"_links":{"self":[{"href":"https:\/\/noticiasveracruz.com\/index.php\/wp-json\/wp\/v2\/posts\/50305","targetHints":{"allow":["GET"]}}],"collection":[{"href":"https:\/\/noticiasveracruz.com\/index.php\/wp-json\/wp\/v2\/posts"}],"about":[{"href":"https:\/\/noticiasveracruz.com\/index.php\/wp-json\/wp\/v2\/types\/post"}],"author":[{"embeddable":true,"href":"https:\/\/noticiasveracruz.com\/index.php\/wp-json\/wp\/v2\/users\/4"}],"replies":[{"embeddable":true,"href":"https:\/\/noticiasveracruz.com\/index.php\/wp-json\/wp\/v2\/comments?post=50305"}],"version-history":[{"count":0,"href":"https:\/\/noticiasveracruz.com\/index.php\/wp-json\/wp\/v2\/posts\/50305\/revisions"}],"wp:featuredmedia":[{"embeddable":true,"href":"https:\/\/noticiasveracruz.com\/index.php\/wp-json\/wp\/v2\/media\/50306"}],"wp:attachment":[{"href":"https:\/\/noticiasveracruz.com\/index.php\/wp-json\/wp\/v2\/media?parent=50305"}],"wp:term":[{"taxonomy":"category","embeddable":true,"href":"https:\/\/noticiasveracruz.com\/index.php\/wp-json\/wp\/v2\/categories?post=50305"},{"taxonomy":"post_tag","embeddable":true,"href":"https:\/\/noticiasveracruz.com\/index.php\/wp-json\/wp\/v2\/tags?post=50305"}],"curies":[{"name":"wp","href":"https:\/\/api.w.org\/{rel}","templated":true}]}}