{"id":50302,"date":"2025-02-15T00:02:01","date_gmt":"2025-02-15T06:02:01","guid":{"rendered":"https:\/\/noticiasveracruz.com\/?p=50302"},"modified":"2025-02-14T17:41:34","modified_gmt":"2025-02-14T23:41:34","slug":"controversia-en-pan-estatal-por-posible-registro-de-los-yunes","status":"publish","type":"post","link":"https:\/\/noticiasveracruz.com\/index.php\/2025\/02\/15\/controversia-en-pan-estatal-por-posible-registro-de-los-yunes\/","title":{"rendered":"Controversia en PAN estatal por posible registro de los Yunes"},"content":{"rendered":"<p>Acci\u00f3n Nacional (PAN) en Veracruz ha iniciado el proceso de registro de aspirantes a candidaturas municipales, con una convocatoria no s\u00f3lo para sus militantes, sino tambi\u00e9n para ciudadanos en general.<\/p>\n<p>Sin embargo, la posible participaci\u00f3n de miembros de la familia Yunes ha desatado controversias dentro del partido.<\/p>\n<p>Federico Salom\u00f3n Molina, dirigente estatal del PAN, fue cuestionado sobre la viabilidad de que los miembros de la familia Yunes se registren como precandidatos.<\/p>\n<p>Ante la inquietud, respondi\u00f3 que aunque cualquiera puede participar, ser\u00e1 el Comit\u00e9 Ejecutivo Nacional (CEN) el que determine la viabilidad.<\/p>\n","protected":false},"excerpt":{"rendered":"<p>Acci\u00f3n Nacional (PAN) en Veracruz ha iniciado el proceso de registro de aspirantes a candidaturas municipales, con una convocatoria no<\/p>\n","protected":false},"author":4,"featured_media":50303,"comment_status":"closed","ping_status":"closed","sticky":false,"template":"","format":"standard","meta":{"colormag_page_container_layout":"default_layout","colormag_page_sidebar_layout":"default_layout","_jetpack_memberships_contains_paid_content":false,"footnotes":"","jetpack_publicize_message":"","jetpack_publicize_feature_enabled":true,"jetpack_social_post_already_shared":true,"jetpack_social_options":{"image_generator_settings":{"template":"highway","default_image_id":0,"font":"","enabled":false},"version":2}},"categories":[356],"tags":[],"class_list":["post-50302","post","type-post","status-publish","format-standard","has-post-thumbnail","hentry","category-veracruz"],"jetpack_publicize_connections":[],"jetpack_featured_media_url":"https:\/\/noticiasveracruz.com\/wp-content\/uploads\/2025\/02\/604024_ex.jpg","jetpack_sharing_enabled":true,"publishpress_future_action":{"enabled":false,"date":"2026-05-08 06:32:16","action":"change-status","newStatus":"draft","terms":[],"taxonomy":"category","extraData":[]},"publishpress_future_workflow_manual_trigger":{"enabledWorkflows":[]},"_links":{"self":[{"href":"https:\/\/noticiasveracruz.com\/index.php\/wp-json\/wp\/v2\/posts\/50302","targetHints":{"allow":["GET"]}}],"collection":[{"href":"https:\/\/noticiasveracruz.com\/index.php\/wp-json\/wp\/v2\/posts"}],"about":[{"href":"https:\/\/noticiasveracruz.com\/index.php\/wp-json\/wp\/v2\/types\/post"}],"author":[{"embeddable":true,"href":"https:\/\/noticiasveracruz.com\/index.php\/wp-json\/wp\/v2\/users\/4"}],"replies":[{"embeddable":true,"href":"https:\/\/noticiasveracruz.com\/index.php\/wp-json\/wp\/v2\/comments?post=50302"}],"version-history":[{"count":0,"href":"https:\/\/noticiasveracruz.com\/index.php\/wp-json\/wp\/v2\/posts\/50302\/revisions"}],"wp:featuredmedia":[{"embeddable":true,"href":"https:\/\/noticiasveracruz.com\/index.php\/wp-json\/wp\/v2\/media\/50303"}],"wp:attachment":[{"href":"https:\/\/noticiasveracruz.com\/index.php\/wp-json\/wp\/v2\/media?parent=50302"}],"wp:term":[{"taxonomy":"category","embeddable":true,"href":"https:\/\/noticiasveracruz.com\/index.php\/wp-json\/wp\/v2\/categories?post=50302"},{"taxonomy":"post_tag","embeddable":true,"href":"https:\/\/noticiasveracruz.com\/index.php\/wp-json\/wp\/v2\/tags?post=50302"}],"curies":[{"name":"wp","href":"https:\/\/api.w.org\/{rel}","templated":true}]}}